{"id":20072,"date":"2023-03-29T20:48:47","date_gmt":"2023-03-29T23:48:47","guid":{"rendered":"https:\/\/chacosintesis.com.ar\/?p=20072"},"modified":"2023-03-29T20:54:44","modified_gmt":"2023-03-29T23:54:44","slug":"polinique-capitanich-se-haga-cargo-del-tarifazo-de-secheep-que-genero","status":"publish","type":"post","link":"https:\/\/chacosintesis.com.ar\/index.php\/polinique-capitanich-se-haga-cargo-del-tarifazo-de-secheep-que-genero\/","title":{"rendered":"Polini:&#8221;Que Capitanich se haga cargo del tarifazo de Secheep que gener\u00f3&#8221;"},"content":{"rendered":"<p>El productor agropecuario, farmac\u00e9utico y precandidato a gobernador del Chaco se mostr\u00f3 indignado por el anuncio efectuado por el gobernador Jorge Capitanich respecto fe que se ofrecer\u00e1 un plan de financiaci\u00f3n para que los usuarios puedan pagar las facturas de Secheep de los per\u00edodos 1,2, y 3 de este a\u00f1o.<br \/>\nLuego del anuncio de Capitanich de que se podr\u00e1 acceder a un financiamiento hasta en tres cuotas para pagar las facturas de Secheep y subsidios para los meses subsiguientes, Polini se expres\u00f3 al respecto \u201cQue Capitanich deje el palabrer\u00edo de lado y diga las cosas como son respecto a Secheep, fundieron la empresa, la desfinanciaron, los aumentos desmedidos tienen relaci\u00f3n con esa situaci\u00f3n, ahora declara que va a \u201caliviar econ\u00f3micamente la tarifa\u201d cuando \u00e9l y sus funcionarios son los que aplicaron un tarifazo impagable en las facturaciones\u201d.<br \/>\nY dirigi\u00e9ndose al primer mandatario provincial se\u00f1al\u00f3 \u201cPor una vez en la vida gobernador sea sincero, deber\u00eda avergonzarse del tarifazo que aplic\u00f3 provocando que trabajadores y jubilados tengan que sacar cr\u00e9ditos o pedir dinero prestado para poder pagar la factura, y usted lo \u00fanico propuesta que hace es que paguen en cuotas, \u00bfD\u00f3nde se ha visto que tengamos que financiar hasta en 4 veces el acceso a un servicio fundamental? H\u00e1gase cargo del tarifazo que gener\u00f3 y condone parte de la facturaci\u00f3n\u201d<br \/>\nContinuando con su descargo, el actual diputado nacional, record\u00f3 que present\u00f3 en el Congreso de la Naci\u00f3n un proyecto de Ley para reducir el IVA a los consumidores en la energ\u00eda el\u00e9ctrica \u201cPor esto y muchas cosas por ordenar en esta provincia es que quiero gobernar el Chaco, para terminar con las injusticias, mientras la sociedad elije si comer o pagar la luz en Casa de Gobierno y otras dependencias hace varios a\u00f1os no pagan un peso, el camino para salir de la crisis no es ahogar a los trabajadores y emprendedores, por el contrario, necesitan sentirse acompa\u00f1ados e incentivados, quiero un Chaco distinto\u201d<\/p>\n","protected":false},"excerpt":{"rendered":"<p>El productor agropecuario, farmac\u00e9utico y precandidato a gobernador del Chaco se mostr\u00f3 indignado por el anuncio efectuado por el gobernador Jorge Capitanich respecto fe que se ofrecer\u00e1 un plan de financiaci\u00f3n para que los usuarios puedan pagar las facturas de Secheep de los per\u00edodos 1,2, y 3 de este a\u00f1o. Luego del anuncio de Capitanich [&hellip;]<\/p>\n","protected":false},"author":1,"featured_media":20073,"comment_status":"closed","ping_status":"closed","sticky":false,"template":"","format":"standard","meta":{"footnotes":""},"categories":[6],"tags":[],"class_list":{"0":"post-20072","1":"post","2":"type-post","3":"status-publish","4":"format-standard","5":"has-post-thumbnail","7":"category-chaco"},"_links":{"self":[{"href":"https:\/\/chacosintesis.com.ar\/index.php\/wp-json\/wp\/v2\/posts\/20072","targetHints":{"allow":["GET"]}}],"collection":[{"href":"https:\/\/chacosintesis.com.ar\/index.php\/wp-json\/wp\/v2\/posts"}],"about":[{"href":"https:\/\/chacosintesis.com.ar\/index.php\/wp-json\/wp\/v2\/types\/post"}],"author":[{"embeddable":true,"href":"https:\/\/chacosintesis.com.ar\/index.php\/wp-json\/wp\/v2\/users\/1"}],"replies":[{"embeddable":true,"href":"https:\/\/chacosintesis.com.ar\/index.php\/wp-json\/wp\/v2\/comments?post=20072"}],"version-history":[{"count":0,"href":"https:\/\/chacosintesis.com.ar\/index.php\/wp-json\/wp\/v2\/posts\/20072\/revisions"}],"wp:featuredmedia":[{"embeddable":true,"href":"https:\/\/chacosintesis.com.ar\/index.php\/wp-json\/wp\/v2\/media\/20073"}],"wp:attachment":[{"href":"https:\/\/chacosintesis.com.ar\/index.php\/wp-json\/wp\/v2\/media?parent=20072"}],"wp:term":[{"taxonomy":"category","embeddable":true,"href":"https:\/\/chacosintesis.com.ar\/index.php\/wp-json\/wp\/v2\/categories?post=20072"},{"taxonomy":"post_tag","embeddable":true,"href":"https:\/\/chacosintesis.com.ar\/index.php\/wp-json\/wp\/v2\/tags?post=20072"}],"curies":[{"name":"wp","href":"https:\/\/api.w.org\/{rel}","templated":true}]}}