{"id":20070,"date":"2023-03-29T20:45:08","date_gmt":"2023-03-29T23:45:08","guid":{"rendered":"https:\/\/chacosintesis.com.ar\/?p=20070"},"modified":"2023-03-29T20:54:44","modified_gmt":"2023-03-29T23:54:44","slug":"detienen-a-otro-hombre-por-el-homicidio-del-camionero-fernando-francovich","status":"publish","type":"post","link":"https:\/\/chacosintesis.com.ar\/index.php\/detienen-a-otro-hombre-por-el-homicidio-del-camionero-fernando-francovich\/","title":{"rendered":"Detienen a otro hombre por el homicidio del camionero Fernando Francovich"},"content":{"rendered":"<p>Es el tercer detenido en esta causa. Tras un operativo cerrojo, la polic\u00eda lo encontr\u00f3 en el barrio Sur de Av\u00eda Terai.<\/p>\n<p>Sin descanso y con la finalidad de esclarecer el hecho, agentes de Investigaciones de la Polic\u00eda del Chaco no se quedaron conformes con las detenciones anteriores y, en las \u00faltimas horas, dieron con otro sujeto que era intensamente buscado. Lo hicieron cerca de las 11 de la ma\u00f1ana de este mi\u00e9rcoles en el barrio Sur de Av\u00eda Terai, donde se supo que se escond\u00eda.<br \/>\nHasta all\u00ed llegaron los agentes de Investigaciones Charata y S\u00e1enz Pe\u00f1a, quienes, mediante un operativo cerrojo, cercaron la finca para que el buscado no logre huir. Ingresaron a la casa y detuvieron a un joven de 26 a\u00f1os, primo del sujeto detenido el pasado lunes, y tercero en ser detenido por la Polic\u00eda.<br \/>\nLuego, lo trasladaron a la Divisi\u00f3n Investigaciones S\u00e1enz Pe\u00f1a, donde qued\u00f3 alojado por el \u201cSupuesta Tentativa de Robo Con Arma Seguida de Homicidio\u201d.<br \/>\nFrancovich, de 32 a\u00f1os y oriundo de Villa Ocampo, en la provincia de Santa Fe, fue ultimado el pasado martes 20 de marzo en Concepci\u00f3n del Bermejo, cuando el cami\u00f3n que conduc\u00eda fue abordado por tres ocupantes de una camioneta Ford Ranger.<br \/>\nMalherido, el joven camionero logr\u00f3 llegar hasta la estaci\u00f3n de servicio ubicada en la colectora norte de Concepci\u00f3n del Bermejo. Seg\u00fan surgi\u00f3 del primer informe policial, los atacantes &#8220;llegaron hasta el lugar y tras realizar inspecci\u00f3n se retiraron del lugar con destino Av\u00eda Terai\u201d.<\/p>\n","protected":false},"excerpt":{"rendered":"<p>Es el tercer detenido en esta causa. Tras un operativo cerrojo, la polic\u00eda lo encontr\u00f3 en el barrio Sur de Av\u00eda Terai. Sin descanso y con la finalidad de esclarecer el hecho, agentes de Investigaciones de la Polic\u00eda del Chaco no se quedaron conformes con las detenciones anteriores y, en las \u00faltimas horas, dieron con [&hellip;]<\/p>\n","protected":false},"author":1,"featured_media":20071,"comment_status":"closed","ping_status":"closed","sticky":false,"template":"","format":"standard","meta":{"footnotes":""},"categories":[6],"tags":[197],"class_list":{"0":"post-20070","1":"post","2":"type-post","3":"status-publish","4":"format-standard","5":"has-post-thumbnail","7":"category-chaco","8":"tag-destacada"},"_links":{"self":[{"href":"https:\/\/chacosintesis.com.ar\/index.php\/wp-json\/wp\/v2\/posts\/20070","targetHints":{"allow":["GET"]}}],"collection":[{"href":"https:\/\/chacosintesis.com.ar\/index.php\/wp-json\/wp\/v2\/posts"}],"about":[{"href":"https:\/\/chacosintesis.com.ar\/index.php\/wp-json\/wp\/v2\/types\/post"}],"author":[{"embeddable":true,"href":"https:\/\/chacosintesis.com.ar\/index.php\/wp-json\/wp\/v2\/users\/1"}],"replies":[{"embeddable":true,"href":"https:\/\/chacosintesis.com.ar\/index.php\/wp-json\/wp\/v2\/comments?post=20070"}],"version-history":[{"count":0,"href":"https:\/\/chacosintesis.com.ar\/index.php\/wp-json\/wp\/v2\/posts\/20070\/revisions"}],"wp:featuredmedia":[{"embeddable":true,"href":"https:\/\/chacosintesis.com.ar\/index.php\/wp-json\/wp\/v2\/media\/20071"}],"wp:attachment":[{"href":"https:\/\/chacosintesis.com.ar\/index.php\/wp-json\/wp\/v2\/media?parent=20070"}],"wp:term":[{"taxonomy":"category","embeddable":true,"href":"https:\/\/chacosintesis.com.ar\/index.php\/wp-json\/wp\/v2\/categories?post=20070"},{"taxonomy":"post_tag","embeddable":true,"href":"https:\/\/chacosintesis.com.ar\/index.php\/wp-json\/wp\/v2\/tags?post=20070"}],"curies":[{"name":"wp","href":"https:\/\/api.w.org\/{rel}","templated":true}]}}