{"id":20027,"date":"2023-03-28T12:16:08","date_gmt":"2023-03-28T15:16:08","guid":{"rendered":"https:\/\/chacosintesis.com.ar\/?p=20027"},"modified":"2023-03-28T12:36:52","modified_gmt":"2023-03-28T15:36:52","slug":"conductora-despisto-y-su-auto-termino-incendiado-sobre-la-ruta-40","status":"publish","type":"post","link":"https:\/\/chacosintesis.com.ar\/index.php\/conductora-despisto-y-su-auto-termino-incendiado-sobre-la-ruta-40\/","title":{"rendered":"Conductora despist\u00f3 y su auto termin\u00f3 incendiado sobre la Ruta 40"},"content":{"rendered":"<p>En las primeras horas de esta ma\u00f1ana por la Ruta Nacional 40, una mujer de 24 a\u00f1os conduc\u00eda por la zona de Colonia Paso de Oso, cerca de la localidad de Las Garcitas, cuando perdi\u00f3 el control de su autom\u00f3vil provocando el vuelco y posterior incendio del veh\u00edculo, seg\u00fan inform\u00f3 la Polic\u00eda.<br \/>\nCuando llegaron los agentes, reportaron que pudieron hablar con la conductora del Volkswagen \u201cGol\u201d que hab\u00eda logrado salir del veh\u00edculo y esper\u00f3 la llegada de los polic\u00edas. En el lugar, aseguraron que \u201cpudieron comprobar que no presentaba lesiones a simple vista ni hab\u00eda tomado alcohol\u201d.<br \/>\nUna vez hechas las pericias por el personal de Criminal\u00edstica, se encargaron de llevar a la mujer hasta el hospital local para que reciba una mejor atenci\u00f3n.<\/p>\n","protected":false},"excerpt":{"rendered":"<p>En las primeras horas de esta ma\u00f1ana por la Ruta Nacional 40, una mujer de 24 a\u00f1os conduc\u00eda por la zona de Colonia Paso de Oso, cerca de la localidad de Las Garcitas, cuando perdi\u00f3 el control de su autom\u00f3vil provocando el vuelco y posterior incendio del veh\u00edculo, seg\u00fan inform\u00f3 la Polic\u00eda. Cuando llegaron los [&hellip;]<\/p>\n","protected":false},"author":1,"featured_media":20028,"comment_status":"closed","ping_status":"closed","sticky":false,"template":"","format":"standard","meta":{"footnotes":""},"categories":[6],"tags":[],"class_list":{"0":"post-20027","1":"post","2":"type-post","3":"status-publish","4":"format-standard","5":"has-post-thumbnail","7":"category-chaco"},"_links":{"self":[{"href":"https:\/\/chacosintesis.com.ar\/index.php\/wp-json\/wp\/v2\/posts\/20027","targetHints":{"allow":["GET"]}}],"collection":[{"href":"https:\/\/chacosintesis.com.ar\/index.php\/wp-json\/wp\/v2\/posts"}],"about":[{"href":"https:\/\/chacosintesis.com.ar\/index.php\/wp-json\/wp\/v2\/types\/post"}],"author":[{"embeddable":true,"href":"https:\/\/chacosintesis.com.ar\/index.php\/wp-json\/wp\/v2\/users\/1"}],"replies":[{"embeddable":true,"href":"https:\/\/chacosintesis.com.ar\/index.php\/wp-json\/wp\/v2\/comments?post=20027"}],"version-history":[{"count":0,"href":"https:\/\/chacosintesis.com.ar\/index.php\/wp-json\/wp\/v2\/posts\/20027\/revisions"}],"wp:featuredmedia":[{"embeddable":true,"href":"https:\/\/chacosintesis.com.ar\/index.php\/wp-json\/wp\/v2\/media\/20028"}],"wp:attachment":[{"href":"https:\/\/chacosintesis.com.ar\/index.php\/wp-json\/wp\/v2\/media?parent=20027"}],"wp:term":[{"taxonomy":"category","embeddable":true,"href":"https:\/\/chacosintesis.com.ar\/index.php\/wp-json\/wp\/v2\/categories?post=20027"},{"taxonomy":"post_tag","embeddable":true,"href":"https:\/\/chacosintesis.com.ar\/index.php\/wp-json\/wp\/v2\/tags?post=20027"}],"curies":[{"name":"wp","href":"https:\/\/api.w.org\/{rel}","templated":true}]}}