{"id":20020,"date":"2023-03-27T23:05:25","date_gmt":"2023-03-28T02:05:25","guid":{"rendered":"https:\/\/chacosintesis.com.ar\/?p=20020"},"modified":"2023-03-27T23:06:49","modified_gmt":"2023-03-28T02:06:49","slug":"zalazar-se-continua-con-la-investigacion-para-dar-con-el-resto-de-los-sospechosos","status":"publish","type":"post","link":"https:\/\/chacosintesis.com.ar\/index.php\/zalazar-se-continua-con-la-investigacion-para-dar-con-el-resto-de-los-sospechosos\/","title":{"rendered":"Zalazar: &#8220;Se contin\u00faa con la investigaci\u00f3n para dar con el resto de los sospechosos\u201d"},"content":{"rendered":"<p>La Justicia, con la colaboraci\u00f3n de los distintos organismos del Estado provincial, avanza para dar con los sospechosos del crimen de Fernando Francovich. Solicitan a la comunidad comunicar cualquier dato que pueda servir a la investigaci\u00f3n, al 911 o en la comisar\u00eda m\u00e1s cercana a su domicilio.<\/p>\n<p>La ministra de Seguridad y Justicia, Gloria Zalazar, brind\u00f3 detalles sobre los allanamientos que se realizaron hoy en Avia Terai, en el marco de la causa que investiga el intento de robo y posterior asesinato de Fernando Francovich el pasado 20 de marzo. \u201cSe han tomado una serie de medidas que arrojaron resultados positivos. Queremos informar a la poblaci\u00f3n los avances de la causa. En los allanamientos se detuvo a una persona y se contin\u00faa con la investigaci\u00f3n para dar con el resto de los sospechosos\u201d, indic\u00f3 la ministra. Tambi\u00e9n coment\u00f3 que con las pistas que se han colectado hasta el momento en otros allanamientos ordenados por la fiscal\u00eda de S\u00e1enz Pe\u00f1a a cargo de Gustavo Valero, se ha podido identificar a los sospechosos.<br \/>\nEl viernes 24 de marzo, personal policial realiz\u00f3 nueve allanamientos en Avia Terai y S\u00e1enz Pe\u00f1a en los que se secuestraron elementos de inter\u00e9s para la causa que investiga el asesinado del chofer del cami\u00f3n ocurrido el martes 20 de marzo en Concepci\u00f3n del Bermejo.<br \/>\nEn los operativos result\u00f3 detenido un hombre de 42 a\u00f1os, mientras que un joven menor de edad fue puesto a disposici\u00f3n de la Justicia por su supuesta vinculaci\u00f3n con el crimen.<br \/>\nEn tanto que, en la ma\u00f1ana de hoy, lunes 27, el gobernador Jorge Capitanich y la ministra recibieron a familiares de Fernando Francovich y a representantes de choferes de camiones. En el encuentro los funcionarios dieron detalles sobre el desarrollo, los operativos y las hip\u00f3tesis vinculadas a la investigaci\u00f3n judicial. Tambi\u00e9n diagramaron una agenda de pol\u00edticas de prevenci\u00f3n, seguridad y transitabilidad en rutas. \u201cSe avanza sobre pistas firmes\u201d, adelant\u00f3 la ministra, quien inst\u00f3 a la comunidad a informarse a trav\u00e9s de canales oficiales de informaci\u00f3n.<br \/>\nSe solicita a la comunidad comunicar cualquier dato que pueda servir a la investigaci\u00f3n, al 911 o se acercarse a la comisar\u00eda cercana a su domicilio.<\/p>\n","protected":false},"excerpt":{"rendered":"<p>La Justicia, con la colaboraci\u00f3n de los distintos organismos del Estado provincial, avanza para dar con los sospechosos del crimen de Fernando Francovich. Solicitan a la comunidad comunicar cualquier dato que pueda servir a la investigaci\u00f3n, al 911 o en la comisar\u00eda m\u00e1s cercana a su domicilio. La ministra de Seguridad y Justicia, Gloria Zalazar, [&hellip;]<\/p>\n","protected":false},"author":1,"featured_media":20021,"comment_status":"closed","ping_status":"closed","sticky":false,"template":"","format":"standard","meta":{"footnotes":""},"categories":[6],"tags":[197],"class_list":{"0":"post-20020","1":"post","2":"type-post","3":"status-publish","4":"format-standard","5":"has-post-thumbnail","7":"category-chaco","8":"tag-destacada"},"_links":{"self":[{"href":"https:\/\/chacosintesis.com.ar\/index.php\/wp-json\/wp\/v2\/posts\/20020","targetHints":{"allow":["GET"]}}],"collection":[{"href":"https:\/\/chacosintesis.com.ar\/index.php\/wp-json\/wp\/v2\/posts"}],"about":[{"href":"https:\/\/chacosintesis.com.ar\/index.php\/wp-json\/wp\/v2\/types\/post"}],"author":[{"embeddable":true,"href":"https:\/\/chacosintesis.com.ar\/index.php\/wp-json\/wp\/v2\/users\/1"}],"replies":[{"embeddable":true,"href":"https:\/\/chacosintesis.com.ar\/index.php\/wp-json\/wp\/v2\/comments?post=20020"}],"version-history":[{"count":0,"href":"https:\/\/chacosintesis.com.ar\/index.php\/wp-json\/wp\/v2\/posts\/20020\/revisions"}],"wp:featuredmedia":[{"embeddable":true,"href":"https:\/\/chacosintesis.com.ar\/index.php\/wp-json\/wp\/v2\/media\/20021"}],"wp:attachment":[{"href":"https:\/\/chacosintesis.com.ar\/index.php\/wp-json\/wp\/v2\/media?parent=20020"}],"wp:term":[{"taxonomy":"category","embeddable":true,"href":"https:\/\/chacosintesis.com.ar\/index.php\/wp-json\/wp\/v2\/categories?post=20020"},{"taxonomy":"post_tag","embeddable":true,"href":"https:\/\/chacosintesis.com.ar\/index.php\/wp-json\/wp\/v2\/tags?post=20020"}],"curies":[{"name":"wp","href":"https:\/\/api.w.org\/{rel}","templated":true}]}}