{"id":20016,"date":"2023-03-27T18:06:31","date_gmt":"2023-03-27T21:06:31","guid":{"rendered":"https:\/\/chacosintesis.com.ar\/?p=20016"},"modified":"2023-03-27T18:06:45","modified_gmt":"2023-03-27T21:06:45","slug":"avia-terai-detuvieron-al-sospechoso-de-asesinar-al-camionero-santafesino-en-concepcion-del-bermejo","status":"publish","type":"post","link":"https:\/\/chacosintesis.com.ar\/index.php\/avia-terai-detuvieron-al-sospechoso-de-asesinar-al-camionero-santafesino-en-concepcion-del-bermejo\/","title":{"rendered":"Av\u00eda Terai: Detuvieron al sospechoso de asesinar al camionero santafesino en Concepci\u00f3n del Bermejo"},"content":{"rendered":"<p>C.C fue detenido por la Polic\u00eda esta tarde en la zona urbana de Avia Terai. Est\u00e1 se\u00f1alado como uno de los responsables de la muerte del camionero en Concepci\u00f3n del Bermejo.<br \/>\n Esta tarde, la Polic\u00eda captur\u00f3 a C.C, el principal sospechoso del camionero asesinado en Concepci\u00f3n del Bermejo. El hombre hab\u00eda sido asesinado por tres hombres que iban a bordo de una camioneta ranger blanca, y hoy los efectivos lograron detenerlo en la zona urbana de Avia Terai.<\/p>\n<p>El hecho ocurri\u00f3 el martes 22 de marzo, cuando Franco Francovich de un cami\u00f3n Scania G-360 con acoplado vac\u00edo, oriundo de Santa Fe, manejaba su veh\u00edculo por la Ruta Nacional N\u00b016 en Concepci\u00f3n del Bermejo. En ese momento, tres hombres a bordo de una camioneta Ford Ranger blanca lo acribillaron a balazos.<br \/>\nA pesar de esto, Francovich se dirigi\u00f3 como pudo hasta una estaci\u00f3n de servicio donde baj\u00f3 del cami\u00f3n y, con balas en sus brazos y piernas, cay\u00f3 tendido al suelo. El camionero relat\u00f3 a la Polic\u00eda el ataque que sufri\u00f3 sobre la ruta y c\u00f3mo se dieron los acontecimientos. Los trabajadores de Salud lo trasladaron hasta el Hospital 4 de Junio de S\u00e1enz Pe\u00f1a, donde lleg\u00f3 muerto.<\/p>\n<p>Por las investigaciones, se conoci\u00f3 que los responsables huyeron en direcci\u00f3n a Avia Terai, por lo que las fuerzas policiales iniciaron la b\u00fasqueda para dar con los posibles responsables del crimen. La investigaci\u00f3n arroj\u00f3 que hechos similares  ocurrieron en Villa \u00c1ngela, R\u00edo Muerto y Tres Isletas, por lo que habr\u00eda una vinculaci\u00f3n entre estos.<br \/>\nALLANAMIENTOS<br \/>\nEste viernes,  a trav\u00e9s del pedido del fiscal Gustavo Valero y firmado por la jueza de Garant\u00edas Mariana Ben\u00edtez, las fuerzas de Seguridad realizaron diferentes allanamientos en diferentes localidades entre Concepci\u00f3n del Bermejo y Avia Terai. De ellos, dos operativos se realizaron en S\u00e1enz Pe\u00f1a. Como resultado, los uniformados lograron detener a un hombre de 42 a\u00f1os y un menor, quienes estar\u00edan vinculados con el crimen.<br \/>\n&#8220;Estamos realizando en todas las zonas cercanas a Concepci\u00f3n del Bermejo hasta la localidad de Avia Terai buscando a la persona que fue sindicada como autor del ataque y asesinato del camionero el martes por la tarde&#8221;, hab\u00eda dicho la ministra de Seguridad, Gloria Salazar.<br \/>\nLa funcionaria provincial tambi\u00e9n se hab\u00eda contactado con las autoridades de las provincias vecinas para obtener informaci\u00f3n y dar con el paradero de los responsables. Por el momento, luego de la detenci\u00f3n de C.C, restar\u00eda encontrar a los otros dos posibles atacantes a bordo de la camioneta blanca.<br \/>\n DIARIO TAG.-<\/p>\n","protected":false},"excerpt":{"rendered":"<p>C.C fue detenido por la Polic\u00eda esta tarde en la zona urbana de Avia Terai. Est\u00e1 se\u00f1alado como uno de los responsables de la muerte del camionero en Concepci\u00f3n del Bermejo. Esta tarde, la Polic\u00eda captur\u00f3 a C.C, el principal sospechoso del camionero asesinado en Concepci\u00f3n del Bermejo. El hombre hab\u00eda sido asesinado por tres [&hellip;]<\/p>\n","protected":false},"author":1,"featured_media":20017,"comment_status":"closed","ping_status":"closed","sticky":false,"template":"","format":"standard","meta":{"footnotes":""},"categories":[6],"tags":[197],"class_list":{"0":"post-20016","1":"post","2":"type-post","3":"status-publish","4":"format-standard","5":"has-post-thumbnail","7":"category-chaco","8":"tag-destacada"},"_links":{"self":[{"href":"https:\/\/chacosintesis.com.ar\/index.php\/wp-json\/wp\/v2\/posts\/20016","targetHints":{"allow":["GET"]}}],"collection":[{"href":"https:\/\/chacosintesis.com.ar\/index.php\/wp-json\/wp\/v2\/posts"}],"about":[{"href":"https:\/\/chacosintesis.com.ar\/index.php\/wp-json\/wp\/v2\/types\/post"}],"author":[{"embeddable":true,"href":"https:\/\/chacosintesis.com.ar\/index.php\/wp-json\/wp\/v2\/users\/1"}],"replies":[{"embeddable":true,"href":"https:\/\/chacosintesis.com.ar\/index.php\/wp-json\/wp\/v2\/comments?post=20016"}],"version-history":[{"count":0,"href":"https:\/\/chacosintesis.com.ar\/index.php\/wp-json\/wp\/v2\/posts\/20016\/revisions"}],"wp:featuredmedia":[{"embeddable":true,"href":"https:\/\/chacosintesis.com.ar\/index.php\/wp-json\/wp\/v2\/media\/20017"}],"wp:attachment":[{"href":"https:\/\/chacosintesis.com.ar\/index.php\/wp-json\/wp\/v2\/media?parent=20016"}],"wp:term":[{"taxonomy":"category","embeddable":true,"href":"https:\/\/chacosintesis.com.ar\/index.php\/wp-json\/wp\/v2\/categories?post=20016"},{"taxonomy":"post_tag","embeddable":true,"href":"https:\/\/chacosintesis.com.ar\/index.php\/wp-json\/wp\/v2\/tags?post=20016"}],"curies":[{"name":"wp","href":"https:\/\/api.w.org\/{rel}","templated":true}]}}