{"id":20014,"date":"2023-03-27T13:36:57","date_gmt":"2023-03-27T16:36:57","guid":{"rendered":"https:\/\/chacosintesis.com.ar\/?p=20014"},"modified":"2023-03-27T14:06:51","modified_gmt":"2023-03-27T17:06:51","slug":"capitanich-recibio-a-camioneros-y-familiares-de-francovich-para-acordar-acciones-de-rutas-mas-seguras","status":"publish","type":"post","link":"https:\/\/chacosintesis.com.ar\/index.php\/capitanich-recibio-a-camioneros-y-familiares-de-francovich-para-acordar-acciones-de-rutas-mas-seguras\/","title":{"rendered":"Capitanich recibi\u00f3 a camioneros y familiares de Francovich para acordar acciones de rutas m\u00e1s seguras"},"content":{"rendered":"<p>Contin\u00faa la b\u00fasqueda de los autores del crimen de Fernando. Se trabaj\u00f3 una agenda para garantizar rutas y espacios de descanso a los camioneros en la provincia.<\/p>\n<p>Esta ma\u00f1ana el gobernador Jorge Capitanich se reuni\u00f3 con representantes del Sindicato de Camioneros y familiares del camionero asesinado, a fin de informarlos de los avances de la investigaci\u00f3n del crimen y las medidas de seguridad que se est\u00e1n dise\u00f1ando para garantizar rutas m\u00e1s seguras. \u201cCompartimos el profundo dolor que siente la familia por la p\u00e9rdida de la vida de Fernando y estamos a disposici\u00f3n de lo que necesiten para que puedan transitar este momento tan dif\u00edcil de la mejor manera\u201d, expres\u00f3 el mandatario chaque\u00f1o.<br \/>\nEn la reuni\u00f3n tambi\u00e9n estuvieron presentes el jefe de la Polic\u00eda del Chaco, Ariel Alejandro Acu\u00f1a, y la ministra de Seguridad, Gloria Zalazar. Capitanich anunci\u00f3 que \u201cse est\u00e1 trabajando en las rutas puntuales que se plantearon como problem\u00e1ticas por parte de Camioneros, a fin de prevenir la posibilidad de hechos similares al de Fernando\u201d.<br \/>\nEn este acuerdo de rutas m\u00e1s seguras, desde el gremio se pidieron lugares de descanso en la vera de las rutas que atraviesan la provincia; mejor iluminaci\u00f3n a la vera de la Ruta 16 y los accesos a las localidades; mejoramiento de la cinta asf\u00e1ltica de la Ruta 16 y refuerzo policial y patrullaje.<br \/>\nTambi\u00e9n estuvieron presentes las jefas y jefes comunales de Pampa del Infierno, Glenda Seifert; Concepci\u00f3n del Bermejo, Ra\u00fal Maldonado; y por parte de Camioneros, Diego Guiti\u00e9rrez, Alfredo P\u00e9rez y Luis Rack.<br \/>\nContin\u00faa la b\u00fasqueda<br \/>\n Contin\u00faan los rastrillajes en las zonas rurales para dar con el paradero de uno de los sospechosos, cuyo identikit fue difundido por el Gobierno provincial y la Polic\u00eda del Chaco. Las caracter\u00edsticas son: trigue\u00f1o, 1,67 mts de altura, cabello corto negro, de entre 30 y 40 a\u00f1os de edad.<br \/>\nAdem\u00e1s, se mantiene vigente una alerta roja de b\u00fasqueda en todas las provincias lim\u00edtrofes y se mantiene comunicaci\u00f3n con las fuerzas de seguridad de las provincias de Salta, Santiago del Estero, Formosa, Corrientes y Santa Fe.<br \/>\nEs por eso que se solicita a la comunidad comunicar cualquier dato que pueda servir a la investigaci\u00f3n, al 911 o se acercarse a la comisar\u00eda cercana a su domicilio.<\/p>\n","protected":false},"excerpt":{"rendered":"<p>Contin\u00faa la b\u00fasqueda de los autores del crimen de Fernando. Se trabaj\u00f3 una agenda para garantizar rutas y espacios de descanso a los camioneros en la provincia. Esta ma\u00f1ana el gobernador Jorge Capitanich se reuni\u00f3 con representantes del Sindicato de Camioneros y familiares del camionero asesinado, a fin de informarlos de los avances de la [&hellip;]<\/p>\n","protected":false},"author":1,"featured_media":20015,"comment_status":"closed","ping_status":"closed","sticky":false,"template":"","format":"standard","meta":{"footnotes":""},"categories":[6],"tags":[],"class_list":{"0":"post-20014","1":"post","2":"type-post","3":"status-publish","4":"format-standard","5":"has-post-thumbnail","7":"category-chaco"},"_links":{"self":[{"href":"https:\/\/chacosintesis.com.ar\/index.php\/wp-json\/wp\/v2\/posts\/20014","targetHints":{"allow":["GET"]}}],"collection":[{"href":"https:\/\/chacosintesis.com.ar\/index.php\/wp-json\/wp\/v2\/posts"}],"about":[{"href":"https:\/\/chacosintesis.com.ar\/index.php\/wp-json\/wp\/v2\/types\/post"}],"author":[{"embeddable":true,"href":"https:\/\/chacosintesis.com.ar\/index.php\/wp-json\/wp\/v2\/users\/1"}],"replies":[{"embeddable":true,"href":"https:\/\/chacosintesis.com.ar\/index.php\/wp-json\/wp\/v2\/comments?post=20014"}],"version-history":[{"count":0,"href":"https:\/\/chacosintesis.com.ar\/index.php\/wp-json\/wp\/v2\/posts\/20014\/revisions"}],"wp:featuredmedia":[{"embeddable":true,"href":"https:\/\/chacosintesis.com.ar\/index.php\/wp-json\/wp\/v2\/media\/20015"}],"wp:attachment":[{"href":"https:\/\/chacosintesis.com.ar\/index.php\/wp-json\/wp\/v2\/media?parent=20014"}],"wp:term":[{"taxonomy":"category","embeddable":true,"href":"https:\/\/chacosintesis.com.ar\/index.php\/wp-json\/wp\/v2\/categories?post=20014"},{"taxonomy":"post_tag","embeddable":true,"href":"https:\/\/chacosintesis.com.ar\/index.php\/wp-json\/wp\/v2\/tags?post=20014"}],"curies":[{"name":"wp","href":"https:\/\/api.w.org\/{rel}","templated":true}]}}