{"id":2001,"date":"2019-02-07T10:38:01","date_gmt":"2019-02-07T13:38:01","guid":{"rendered":"https:\/\/chacosintesis.com.ar\/2019\/02\/07\/martin-baez-ya-esta-en-los-tribunales-donde-se-decide-su-situacion\/"},"modified":"2019-02-07T11:00:02","modified_gmt":"2019-02-07T14:00:02","slug":"martin-baez-ya-esta-en-los-tribunales-donde-se-decide-su-situacion","status":"publish","type":"post","link":"https:\/\/chacosintesis.com.ar\/index.php\/martin-baez-ya-esta-en-los-tribunales-donde-se-decide-su-situacion\/","title":{"rendered":"Mart\u00edn Baez ya est\u00e1 en los Tribunales, donde se decide su situaci\u00f3n"},"content":{"rendered":"<p>Mart\u00edn Baez ya est\u00e1 en los Tribunales, donde se decide su situaci\u00f3n<br \/>\n<br \/>\n<img decoding=\"async\" src=\"data:image\/gif;base64,R0lGODlhAQABAIAAAAAAAP\/\/\/ywAAAAAAQABAAACAUwAOw==\" fifu-lazy=\"1\" fifu-data-sizes=\"auto\" fifu-data-srcset=\"https:\/\/i1.wp.com\/www.rionegro.com.ar\/binrepository\/620x310\/0c0\/0d0\/none\/12350\/TQNS\/image_content_10551217_20190207091618.jpg?ssl=1&w=75&resize=75&ssl=1 75w, https:\/\/i1.wp.com\/www.rionegro.com.ar\/binrepository\/620x310\/0c0\/0d0\/none\/12350\/TQNS\/image_content_10551217_20190207091618.jpg?ssl=1&w=100&resize=100&ssl=1 100w, https:\/\/i1.wp.com\/www.rionegro.com.ar\/binrepository\/620x310\/0c0\/0d0\/none\/12350\/TQNS\/image_content_10551217_20190207091618.jpg?ssl=1&w=150&resize=150&ssl=1 150w, https:\/\/i1.wp.com\/www.rionegro.com.ar\/binrepository\/620x310\/0c0\/0d0\/none\/12350\/TQNS\/image_content_10551217_20190207091618.jpg?ssl=1&w=240&resize=240&ssl=1 240w, https:\/\/i1.wp.com\/www.rionegro.com.ar\/binrepository\/620x310\/0c0\/0d0\/none\/12350\/TQNS\/image_content_10551217_20190207091618.jpg?ssl=1&w=320&resize=320&ssl=1 320w, https:\/\/i1.wp.com\/www.rionegro.com.ar\/binrepository\/620x310\/0c0\/0d0\/none\/12350\/TQNS\/image_content_10551217_20190207091618.jpg?ssl=1&w=500&resize=500&ssl=1 500w, https:\/\/i1.wp.com\/www.rionegro.com.ar\/binrepository\/620x310\/0c0\/0d0\/none\/12350\/TQNS\/image_content_10551217_20190207091618.jpg?ssl=1&w=640&resize=640&ssl=1 640w, https:\/\/i1.wp.com\/www.rionegro.com.ar\/binrepository\/620x310\/0c0\/0d0\/none\/12350\/TQNS\/image_content_10551217_20190207091618.jpg?ssl=1&w=800&resize=800&ssl=1 800w, https:\/\/i1.wp.com\/www.rionegro.com.ar\/binrepository\/620x310\/0c0\/0d0\/none\/12350\/TQNS\/image_content_10551217_20190207091618.jpg?ssl=1&w=1024&resize=1024&ssl=1 1024w, https:\/\/i1.wp.com\/www.rionegro.com.ar\/binrepository\/620x310\/0c0\/0d0\/none\/12350\/TQNS\/image_content_10551217_20190207091618.jpg?ssl=1&w=1280&resize=1280&ssl=1 1280w, https:\/\/i1.wp.com\/www.rionegro.com.ar\/binrepository\/620x310\/0c0\/0d0\/none\/12350\/TQNS\/image_content_10551217_20190207091618.jpg?ssl=1&w=1600&resize=1600&ssl=1 1600w\" fifu-data-src=\"https:\/\/i1.wp.com\/www.rionegro.com.ar\/binrepository\/620x310\/0c0\/0d0\/none\/12350\/TQNS\/image_content_10551217_20190207091618.jpg?ssl=1\"><\/p>\n<p>Mart\u00edn B\u00e1ez, hijo del detenido empresario santacruce\u00f1o L\u00e1zaro B\u00e1ez,<b> se present\u00f3 esta ma\u00f1ana ante el Tribunal Oral Federal 4, luego de que ayer fuera intimado <\/b>por ese juzgado a presentarse en el juicio oral y p\u00fablico que se le sigue por lavado de dinero, bajo apercibimiento de ordenar su detenci\u00f3n si no concurr\u00eda.<\/p>\n<\/p>\n<p>El hijo del empresario detenido lleg\u00f3 pasadas las 6 de la ma\u00f1ana al Aeroparque metropolitano, luego de que ayer se presentara en el juzgado federal de R\u00edo Gallegos (Santa Cruz) para hacer saber que estaba a disposici\u00f3n de la justicia, e informar que ten\u00eda pasajes para volar a la Ciudad de Buenos Aires durante la madrugada.<\/p>\n<\/p>\n<p><b>A las 7.20 de esta ma\u00f1ana Mart\u00edn B\u00e1ez lleg\u00f3 finalmente a los Tribunales de Comodoro Py, antes de que se venciera el plazo estipulado por la Justicia<\/b>, pautado para las 8, y as\u00ed evitar su detenci\u00f3n. <\/p>\n<p>Hoy la Justicia deber\u00eda definir su situaci\u00f3n procesal.<\/p>\n<p>Los jueces del TOF 4, N\u00e9stor Costabel, Gabriela L\u00f3pez \u00cd\u00f1iguez y Adriana Palliotti, hab\u00edan advertido que ordenar\u00edan su encarcelamiento si no se presentaba -y le dieron tiempo hasta las 8 de hoy-, pero no resolvieron a\u00fan un pedido de detenci\u00f3n que hab\u00eda formulado el fiscal del juicio en diciembre, luego de que se detectara que hab\u00eda retir\u00f3 dinero de cuentas sus bancarias, burlando la inhibici\u00f3n judicial.<\/p>\n<\/p>\n<p>En el pedido de detenci\u00f3n, <b>el fiscal C\u00f3rdoba hab\u00eda recordado que sobre Mart\u00edn B\u00e1ez pesaba un embargo de m\u00e1s de 10 millones de pesos y que sin embargo sigui\u00f3 \u201ccon la articulaci\u00f3n y ejecuci\u00f3n remota de complejas y millonarias maniobras\u201d<\/b> que le permitieron eludirlo.<\/p>\n<p>La intimaci\u00f3n a Mart\u00edn B\u00e1ez ocurri\u00f3 en el marco de la reanudaci\u00f3n del juicio oral que se le lleva adelante contra L\u00e1zaro B\u00e1ez, sus cuatro hijos y una veintena de procesados, por lavado de dinero ilegal fruto de irregularidades en la obra p\u00fablica en Santa Cruz durante el kirchnerismo.<\/p>\n<\/p>\n<p>En particular se investigan maniobras multimillonarias de lavado de activos a trav\u00e9s de empresas off shore, cuentas en el exterior y compra de bonos.<\/p>\n<p>Fuente: rionergo argentina<\/p>\n","protected":false},"excerpt":{"rendered":"<p>Mart\u00edn Baez ya est\u00e1 en los Tribunales, donde se decide su situaci\u00f3n Mart\u00edn B\u00e1ez, hijo del detenido empresario santacruce\u00f1o L\u00e1zaro B\u00e1ez, se present\u00f3 esta ma\u00f1ana ante el Tribunal Oral Federal 4, luego de que ayer fuera intimado por ese juzgado a presentarse en el juicio oral y p\u00fablico que se le sigue por lavado de [&hellip;]<\/p>\n","protected":false},"author":1,"featured_media":2002,"comment_status":"false","ping_status":"open","sticky":false,"template":"","format":"standard","meta":{"footnotes":""},"categories":[8],"tags":[167],"class_list":{"0":"post-2001","1":"post","2":"type-post","3":"status-publish","4":"format-standard","5":"has-post-thumbnail","7":"category-nacionales","8":"tag-work"},"_links":{"self":[{"href":"https:\/\/chacosintesis.com.ar\/index.php\/wp-json\/wp\/v2\/posts\/2001","targetHints":{"allow":["GET"]}}],"collection":[{"href":"https:\/\/chacosintesis.com.ar\/index.php\/wp-json\/wp\/v2\/posts"}],"about":[{"href":"https:\/\/chacosintesis.com.ar\/index.php\/wp-json\/wp\/v2\/types\/post"}],"author":[{"embeddable":true,"href":"https:\/\/chacosintesis.com.ar\/index.php\/wp-json\/wp\/v2\/users\/1"}],"replies":[{"embeddable":true,"href":"https:\/\/chacosintesis.com.ar\/index.php\/wp-json\/wp\/v2\/comments?post=2001"}],"version-history":[{"count":0,"href":"https:\/\/chacosintesis.com.ar\/index.php\/wp-json\/wp\/v2\/posts\/2001\/revisions"}],"wp:featuredmedia":[{"embeddable":true,"href":"https:\/\/chacosintesis.com.ar\/index.php\/wp-json\/wp\/v2\/media\/2002"}],"wp:attachment":[{"href":"https:\/\/chacosintesis.com.ar\/index.php\/wp-json\/wp\/v2\/media?parent=2001"}],"wp:term":[{"taxonomy":"category","embeddable":true,"href":"https:\/\/chacosintesis.com.ar\/index.php\/wp-json\/wp\/v2\/categories?post=2001"},{"taxonomy":"post_tag","embeddable":true,"href":"https:\/\/chacosintesis.com.ar\/index.php\/wp-json\/wp\/v2\/tags?post=2001"}],"curies":[{"name":"wp","href":"https:\/\/api.w.org\/{rel}","templated":true}]}}