{"id":20008,"date":"2023-03-27T12:27:27","date_gmt":"2023-03-27T15:27:27","guid":{"rendered":"https:\/\/chacosintesis.com.ar\/?p=20008"},"modified":"2023-03-27T12:36:55","modified_gmt":"2023-03-27T15:36:55","slug":"se-financiaran-las-facturas-de-secheep-de-enero-febrero-y-marzo","status":"publish","type":"post","link":"https:\/\/chacosintesis.com.ar\/index.php\/se-financiaran-las-facturas-de-secheep-de-enero-febrero-y-marzo\/","title":{"rendered":"Se financiar\u00e1n las facturas de Secheep de enero, febrero y marzo"},"content":{"rendered":"<p>El gobernador lo adelant\u00f3 este lunes en declaraciones a una radio local. La financiaci\u00f3n se realizar\u00e1 a trav\u00e9s del Nuevo Banco del Chaco y sin costo financiero.<\/p>\n<p>El gobernador Jorge Capitanich adelant\u00f3 que en la semana se presentar\u00e1 una financiaci\u00f3n especial para las facturaciones de Secheep de enero, febrero y marzo.<br \/>\nComo para los usuarios del servicio es &#8221; el peor momento porque la gente paga m\u00e1s tarifa con m\u00e1s consumo&#8221;, indic\u00f3 que la propuesta es sin costo financiero.<br \/>\nEn la combinaci\u00f3n de tres elementos menciona el aumento tarifario nacional, que absorbi\u00f3 la provincia; el incremento del consumo en verano, con la excepcionalidad de que en cinco meses hubo temperaturas m\u00e1ximas elevadas; y por \u00faltimo que una parte de la poblaci\u00f3n en condiciones de pedir la adhesi\u00f3n al subsidio energ\u00e9tico, no lo hizo.<\/p>\n<p>El pr\u00f3ximo mi\u00e9rcoles 29 o jueves 30 de marzo se har\u00e1n las especificaciones t\u00e9cnicas, &#8220;teniendo en cuanta que son facturas devengadas y usaremos un mecanismo de rectificaci\u00f3n&#8221;, indic\u00f3 el mandatario en declaraciones a La Radio.<\/p>\n<p>DIARIO NORTE.-<\/p>\n","protected":false},"excerpt":{"rendered":"<p>El gobernador lo adelant\u00f3 este lunes en declaraciones a una radio local. La financiaci\u00f3n se realizar\u00e1 a trav\u00e9s del Nuevo Banco del Chaco y sin costo financiero. El gobernador Jorge Capitanich adelant\u00f3 que en la semana se presentar\u00e1 una financiaci\u00f3n especial para las facturaciones de Secheep de enero, febrero y marzo. Como para los usuarios [&hellip;]<\/p>\n","protected":false},"author":1,"featured_media":20009,"comment_status":"closed","ping_status":"closed","sticky":false,"template":"","format":"standard","meta":{"footnotes":""},"categories":[6],"tags":[197],"class_list":{"0":"post-20008","1":"post","2":"type-post","3":"status-publish","4":"format-standard","5":"has-post-thumbnail","7":"category-chaco","8":"tag-destacada"},"_links":{"self":[{"href":"https:\/\/chacosintesis.com.ar\/index.php\/wp-json\/wp\/v2\/posts\/20008","targetHints":{"allow":["GET"]}}],"collection":[{"href":"https:\/\/chacosintesis.com.ar\/index.php\/wp-json\/wp\/v2\/posts"}],"about":[{"href":"https:\/\/chacosintesis.com.ar\/index.php\/wp-json\/wp\/v2\/types\/post"}],"author":[{"embeddable":true,"href":"https:\/\/chacosintesis.com.ar\/index.php\/wp-json\/wp\/v2\/users\/1"}],"replies":[{"embeddable":true,"href":"https:\/\/chacosintesis.com.ar\/index.php\/wp-json\/wp\/v2\/comments?post=20008"}],"version-history":[{"count":0,"href":"https:\/\/chacosintesis.com.ar\/index.php\/wp-json\/wp\/v2\/posts\/20008\/revisions"}],"wp:featuredmedia":[{"embeddable":true,"href":"https:\/\/chacosintesis.com.ar\/index.php\/wp-json\/wp\/v2\/media\/20009"}],"wp:attachment":[{"href":"https:\/\/chacosintesis.com.ar\/index.php\/wp-json\/wp\/v2\/media?parent=20008"}],"wp:term":[{"taxonomy":"category","embeddable":true,"href":"https:\/\/chacosintesis.com.ar\/index.php\/wp-json\/wp\/v2\/categories?post=20008"},{"taxonomy":"post_tag","embeddable":true,"href":"https:\/\/chacosintesis.com.ar\/index.php\/wp-json\/wp\/v2\/tags?post=20008"}],"curies":[{"name":"wp","href":"https:\/\/api.w.org\/{rel}","templated":true}]}}