{"id":20000,"date":"2023-03-27T07:52:34","date_gmt":"2023-03-27T10:52:34","guid":{"rendered":"https:\/\/chacosintesis.com.ar\/?p=20000"},"modified":"2023-03-27T08:06:57","modified_gmt":"2023-03-27T11:06:57","slug":"comienza-una-semana-calurosa-con-algunas-chances-de-lluvia-para-el-martes","status":"publish","type":"post","link":"https:\/\/chacosintesis.com.ar\/index.php\/comienza-una-semana-calurosa-con-algunas-chances-de-lluvia-para-el-martes\/","title":{"rendered":"Comienza una semana calurosa, con algunas chances de lluvia para el martes"},"content":{"rendered":"<p>Seg\u00fan el Servicio Meteorol\u00f3gico Nacional, las pr\u00f3ximas jornadas transcurrir\u00e1n con temperaturas de entre 20\u00b0C y 33\u00b0C, y escasa nubosidad. Promediando la semana, crecen las probabilidades de que se registren tormentas aisladas en zonas aleda\u00f1as a la capital provincial.<br \/>\nDespu\u00e9s de un fin de semana largo por el feriado del D\u00eda Nacional de la Memoria con condiciones cambiantes y algunas precipitaciones aisladas, el Servicio Meteorol\u00f3gico Nacional (SMN) prev\u00e9 una semana calurosa, que podr\u00eda \u201ccortarse\u201d con lluvias que llegar\u00edan martes.<br \/>\nA pesar de que cumplir\u00e1 su primera semana en este 2023, el oto\u00f1o se muestra t\u00edmido, por lo menos en lo que se refiere a los registros t\u00e9rmicos. De hecho, las previsiones marcan que, al menos hasta el pr\u00f3ximo viernes, la temperatura oscilar\u00e1 entre los 20\u00b0C y los 31\u00b0C, con leves variaciones circunstanciales.<br \/>\nEl organismo nacional pronostic\u00f3 que, para este lunes, el cielo estar\u00e1 algo a parcialmente nublado, con el viento rotando desde el norte al noreste. La temperatura m\u00ednima apenas perforar\u00e1 el piso de los 20\u00b0 para ubicarse en los 19\u00b0; mientras que la m\u00e1xima alcanzar\u00eda, en horas de la siesta, los 33\u00b0.<br \/>\nCon condiciones similares transcurrir\u00eda el martes, con un incremento de la nubosidad hacia las \u00faltimas horas de la jornada, lo que volver\u00e1 m\u00e1s inestables las condiciones del tiempo de cara al mi\u00e9rcoles.<\/p>\n","protected":false},"excerpt":{"rendered":"<p>Seg\u00fan el Servicio Meteorol\u00f3gico Nacional, las pr\u00f3ximas jornadas transcurrir\u00e1n con temperaturas de entre 20\u00b0C y 33\u00b0C, y escasa nubosidad. Promediando la semana, crecen las probabilidades de que se registren tormentas aisladas en zonas aleda\u00f1as a la capital provincial. Despu\u00e9s de un fin de semana largo por el feriado del D\u00eda Nacional de la Memoria con [&hellip;]<\/p>\n","protected":false},"author":1,"featured_media":20001,"comment_status":"closed","ping_status":"closed","sticky":false,"template":"","format":"standard","meta":{"footnotes":""},"categories":[6],"tags":[],"class_list":{"0":"post-20000","1":"post","2":"type-post","3":"status-publish","4":"format-standard","5":"has-post-thumbnail","7":"category-chaco"},"_links":{"self":[{"href":"https:\/\/chacosintesis.com.ar\/index.php\/wp-json\/wp\/v2\/posts\/20000","targetHints":{"allow":["GET"]}}],"collection":[{"href":"https:\/\/chacosintesis.com.ar\/index.php\/wp-json\/wp\/v2\/posts"}],"about":[{"href":"https:\/\/chacosintesis.com.ar\/index.php\/wp-json\/wp\/v2\/types\/post"}],"author":[{"embeddable":true,"href":"https:\/\/chacosintesis.com.ar\/index.php\/wp-json\/wp\/v2\/users\/1"}],"replies":[{"embeddable":true,"href":"https:\/\/chacosintesis.com.ar\/index.php\/wp-json\/wp\/v2\/comments?post=20000"}],"version-history":[{"count":0,"href":"https:\/\/chacosintesis.com.ar\/index.php\/wp-json\/wp\/v2\/posts\/20000\/revisions"}],"wp:featuredmedia":[{"embeddable":true,"href":"https:\/\/chacosintesis.com.ar\/index.php\/wp-json\/wp\/v2\/media\/20001"}],"wp:attachment":[{"href":"https:\/\/chacosintesis.com.ar\/index.php\/wp-json\/wp\/v2\/media?parent=20000"}],"wp:term":[{"taxonomy":"category","embeddable":true,"href":"https:\/\/chacosintesis.com.ar\/index.php\/wp-json\/wp\/v2\/categories?post=20000"},{"taxonomy":"post_tag","embeddable":true,"href":"https:\/\/chacosintesis.com.ar\/index.php\/wp-json\/wp\/v2\/tags?post=20000"}],"curies":[{"name":"wp","href":"https:\/\/api.w.org\/{rel}","templated":true}]}}