{"id":19996,"date":"2023-03-26T21:43:14","date_gmt":"2023-03-27T00:43:14","guid":{"rendered":"https:\/\/chacosintesis.com.ar\/?p=19996"},"modified":"2023-03-26T22:07:03","modified_gmt":"2023-03-27T01:07:03","slug":"presidencia-roca-un-policia-lesionado-y-un-patrullero-danado-tras-una-pelea-en-la-via-publica","status":"publish","type":"post","link":"https:\/\/chacosintesis.com.ar\/index.php\/presidencia-roca-un-policia-lesionado-y-un-patrullero-danado-tras-una-pelea-en-la-via-publica\/","title":{"rendered":"Presidencia Roca: Un polic\u00eda lesionado y un patrullero da\u00f1ado tras una pelea en la v\u00eda p\u00fablica"},"content":{"rendered":"<p>Molestaba con un arma blanca a los transe\u00fantes y al intervenir la polic\u00eda, lesionaron a un uniformado y provocaron da\u00f1os al m\u00f3vil policial.<br \/>\nHoy al mediod\u00eda, los empleados policiales fueron anoticiados por los vecinos que en el barrio San Juan, hab\u00eda un joven con un arma blanca que molestaba y agred\u00eda a los transe\u00fantes, provocando temor en ellos por el grado de agresividad que presentaba.<br \/>\nLos uniformados se constituyeron al lugar indicado, en donde lograron divisar al joven, quien al notar la presencia de la prevenci\u00f3n, se torna a\u00fan m\u00e1s agresivo, colaborando con este otro sujeto, quien se pudo establecer que se trataba de su hermano, quienes atacaron a los uniformados con cintos y armas blancas. A ellos se le sumaron m\u00e1s vecinos, por lo que la comisi\u00f3n policial debi\u00f3 abandonar el lugar, para resguardo de los mismos, al verse superados en n\u00famero.<br \/>\nAl momento en que se dispon\u00eda a salir el m\u00f3vil del lugar de conflicto, los j\u00f3venes hermanos da\u00f1aron el veh\u00edculo, uno de ellos con el uso del cuchillo y el otro rompi\u00f3 el vidrio de unas de las puertas traseras.<br \/>\nDel hecho result\u00f3 con lesiones de car\u00e1cter leve el Oficial Auxiliar Franco Nicol\u00e1s, quien debi\u00f3 ser asistido en el Hospital local. En donde, posteriormente los j\u00f3venes agresores tambi\u00e9n fueron asistidos por heridas leves que presentaban, y uno de ellos, por el elevado grado de alcohol que ten\u00eda qued\u00f3 en observaci\u00f3n.<br \/>\nLa Fiscal\u00eda en turno de General San Mart\u00edn, orden\u00f3 que sean notificados ambos de su aprehensi\u00f3n en la causa judicial \u201cSupuesta Atentado y Resistencia Contra la Autoridad y Da\u00f1os a los Bienes del Estado\u201d.<\/p>\n","protected":false},"excerpt":{"rendered":"<p>Molestaba con un arma blanca a los transe\u00fantes y al intervenir la polic\u00eda, lesionaron a un uniformado y provocaron da\u00f1os al m\u00f3vil policial. Hoy al mediod\u00eda, los empleados policiales fueron anoticiados por los vecinos que en el barrio San Juan, hab\u00eda un joven con un arma blanca que molestaba y agred\u00eda a los transe\u00fantes, provocando [&hellip;]<\/p>\n","protected":false},"author":1,"featured_media":19997,"comment_status":"closed","ping_status":"closed","sticky":false,"template":"","format":"standard","meta":{"footnotes":""},"categories":[6],"tags":[],"class_list":{"0":"post-19996","1":"post","2":"type-post","3":"status-publish","4":"format-standard","5":"has-post-thumbnail","7":"category-chaco"},"_links":{"self":[{"href":"https:\/\/chacosintesis.com.ar\/index.php\/wp-json\/wp\/v2\/posts\/19996","targetHints":{"allow":["GET"]}}],"collection":[{"href":"https:\/\/chacosintesis.com.ar\/index.php\/wp-json\/wp\/v2\/posts"}],"about":[{"href":"https:\/\/chacosintesis.com.ar\/index.php\/wp-json\/wp\/v2\/types\/post"}],"author":[{"embeddable":true,"href":"https:\/\/chacosintesis.com.ar\/index.php\/wp-json\/wp\/v2\/users\/1"}],"replies":[{"embeddable":true,"href":"https:\/\/chacosintesis.com.ar\/index.php\/wp-json\/wp\/v2\/comments?post=19996"}],"version-history":[{"count":0,"href":"https:\/\/chacosintesis.com.ar\/index.php\/wp-json\/wp\/v2\/posts\/19996\/revisions"}],"wp:featuredmedia":[{"embeddable":true,"href":"https:\/\/chacosintesis.com.ar\/index.php\/wp-json\/wp\/v2\/media\/19997"}],"wp:attachment":[{"href":"https:\/\/chacosintesis.com.ar\/index.php\/wp-json\/wp\/v2\/media?parent=19996"}],"wp:term":[{"taxonomy":"category","embeddable":true,"href":"https:\/\/chacosintesis.com.ar\/index.php\/wp-json\/wp\/v2\/categories?post=19996"},{"taxonomy":"post_tag","embeddable":true,"href":"https:\/\/chacosintesis.com.ar\/index.php\/wp-json\/wp\/v2\/tags?post=19996"}],"curies":[{"name":"wp","href":"https:\/\/api.w.org\/{rel}","templated":true}]}}