{"id":19992,"date":"2023-03-26T17:20:39","date_gmt":"2023-03-26T20:20:39","guid":{"rendered":"https:\/\/chacosintesis.com.ar\/?p=19992"},"modified":"2023-03-26T17:37:29","modified_gmt":"2023-03-26T20:37:29","slug":"capitanich-habilito-las-obras-del-centro-de-gestion-luchemos-juntos","status":"publish","type":"post","link":"https:\/\/chacosintesis.com.ar\/index.php\/capitanich-habilito-las-obras-del-centro-de-gestion-luchemos-juntos\/","title":{"rendered":"Capitanich habilit\u00f3 las obras del Centro de Gesti\u00f3n \u201cLuchemos Juntos\u201d"},"content":{"rendered":"<p>Ejecutado a trav\u00e9s del IAFEP, ser\u00e1 un espacio que beneficiar\u00e1 a 120 familias del barrio Luchemos Juntos, donde se dictar\u00e1n cursos de formaci\u00f3n en oficios y tambi\u00e9n, se podr\u00e1 ejecutar el Plan FINES. En el lugar, tambi\u00e9n funciona un merendero y un comedor.<\/p>\n<p>El gobernador Jorge Capitanich, habilit\u00f3 este domingo, la obra de infraestructura del Centro de Gesti\u00f3n Comunitaria \u201cLuchemos Juntos\u201d del barrio hom\u00f3nimo, construido a trav\u00e9s del Instituto de Agricultura Familiar y Econom\u00eda Popular (IAFEP), que ser\u00e1 sede para el dictado de diferentes cursos de capacitaci\u00f3n en oficios con inmediata inserci\u00f3n laboral. Antes de ello, el mandatario provincial entreg\u00f3 una vivienda de emergencia en el barrio Villa Mar\u00eda Inmaculada.<br \/>\nLa obra, realizada en el barrio \u201cLuchemos Juntos\u201d, demand\u00f3 una inversi\u00f3n de 12 millones de pesos, financiados por el IAFEP. En dicho edificio, vecinas y vecinos podr\u00e1n realizar diferentes cursos de oficio como barber\u00eda, corte y confecci\u00f3n, electricidad, refrigeraci\u00f3n y clases de guitarra y tambi\u00e9n, podr\u00e1n finalizar sus estudios primarios y secundarios, beneficiando a un total de 120 familias del barrio. Adem\u00e1s, actualmente, en el lugar funciona un comedor y merendero que atiende a 70 ni\u00f1os y ni\u00f1as.<br \/>\nAcompa\u00f1ado del titular de IAFEP, Mauro Andi\u00f3n, el gobernador explicit\u00f3 que este nuevo espacio, permitir\u00e1 ejecutar el programa de Finalizaci\u00f3n de Estudios Primarios y Secundarios (FINES), adem\u00e1s de permitir la expansi\u00f3n de la red de merenderos y comedores comunitarios y, respecto a los cursos de formaci\u00f3n que se dictar\u00e1n en el lugar, reafirm\u00f3 que son herramientas \u201cmuy importantes para la inserci\u00f3n laboral\u201d.<br \/>\nPrevio a la inauguraci\u00f3n de este espacio, el gobernador entreg\u00f3 una nueva vivienda a una vecina del barrio Villa Mar\u00eda Inmaculada, tambi\u00e9n ejecutada a trav\u00e9s del IAFEP con una inversi\u00f3n cercana a los 2,6 millones de pesos, con el objetivo de garantizar el acceso a soluciones habitacionales para el desarrollo urbano, a la inclusi\u00f3n social y a una mejor calidad de vida.<br \/>\n De esta manera, desde el IAFEP se terminar\u00e1n de ejecutar m\u00e1s de 2.200 soluciones habitacionales en la provincia, de las cuales alrededor de 500 se encuentran en la \u00faltima etapa de construcci\u00f3n, con el objetivo de dar respuesta a situaciones de emergencia habitacional.<br \/>\n\u201cQue hoy podamos garantizar el derecho a un techo digno, al desarrollo, a la educaci\u00f3n y a la alimentaci\u00f3n, forma parte de la inclusi\u00f3n que cada familia chaque\u00f1a debe tener\u201d, finaliz\u00f3 Capitanich.<\/p>\n","protected":false},"excerpt":{"rendered":"<p>Ejecutado a trav\u00e9s del IAFEP, ser\u00e1 un espacio que beneficiar\u00e1 a 120 familias del barrio Luchemos Juntos, donde se dictar\u00e1n cursos de formaci\u00f3n en oficios y tambi\u00e9n, se podr\u00e1 ejecutar el Plan FINES. En el lugar, tambi\u00e9n funciona un merendero y un comedor. El gobernador Jorge Capitanich, habilit\u00f3 este domingo, la obra de infraestructura del [&hellip;]<\/p>\n","protected":false},"author":1,"featured_media":19993,"comment_status":"closed","ping_status":"closed","sticky":false,"template":"","format":"standard","meta":{"footnotes":""},"categories":[6],"tags":[],"class_list":{"0":"post-19992","1":"post","2":"type-post","3":"status-publish","4":"format-standard","5":"has-post-thumbnail","7":"category-chaco"},"_links":{"self":[{"href":"https:\/\/chacosintesis.com.ar\/index.php\/wp-json\/wp\/v2\/posts\/19992","targetHints":{"allow":["GET"]}}],"collection":[{"href":"https:\/\/chacosintesis.com.ar\/index.php\/wp-json\/wp\/v2\/posts"}],"about":[{"href":"https:\/\/chacosintesis.com.ar\/index.php\/wp-json\/wp\/v2\/types\/post"}],"author":[{"embeddable":true,"href":"https:\/\/chacosintesis.com.ar\/index.php\/wp-json\/wp\/v2\/users\/1"}],"replies":[{"embeddable":true,"href":"https:\/\/chacosintesis.com.ar\/index.php\/wp-json\/wp\/v2\/comments?post=19992"}],"version-history":[{"count":0,"href":"https:\/\/chacosintesis.com.ar\/index.php\/wp-json\/wp\/v2\/posts\/19992\/revisions"}],"wp:featuredmedia":[{"embeddable":true,"href":"https:\/\/chacosintesis.com.ar\/index.php\/wp-json\/wp\/v2\/media\/19993"}],"wp:attachment":[{"href":"https:\/\/chacosintesis.com.ar\/index.php\/wp-json\/wp\/v2\/media?parent=19992"}],"wp:term":[{"taxonomy":"category","embeddable":true,"href":"https:\/\/chacosintesis.com.ar\/index.php\/wp-json\/wp\/v2\/categories?post=19992"},{"taxonomy":"post_tag","embeddable":true,"href":"https:\/\/chacosintesis.com.ar\/index.php\/wp-json\/wp\/v2\/tags?post=19992"}],"curies":[{"name":"wp","href":"https:\/\/api.w.org\/{rel}","templated":true}]}}