{"id":19990,"date":"2023-03-26T17:19:06","date_gmt":"2023-03-26T20:19:06","guid":{"rendered":"https:\/\/chacosintesis.com.ar\/?p=19990"},"modified":"2023-03-26T17:37:29","modified_gmt":"2023-03-26T20:37:29","slug":"polini-no-se-que-partido-estara-mirando-capitanich-pero-hace-15-anos-su-derrota-es-aplastante","status":"publish","type":"post","link":"https:\/\/chacosintesis.com.ar\/index.php\/polini-no-se-que-partido-estara-mirando-capitanich-pero-hace-15-anos-su-derrota-es-aplastante\/","title":{"rendered":"Polini: &#8220;No s\u00e9 qu\u00e9 partido estar\u00e1 mirando Capitanich, pero hace 15 a\u00f1os su derrota es aplastante&#8221;"},"content":{"rendered":"<p>El farmac\u00e9utico, productor agropecuario, empresario y precandidato a gobernador del Chaco, Juan Carlos Polini respondi\u00f3 las declaraciones efectuadas por el gobernador Capitanich respecto de que \u201cle gana por goleada a la oposici\u00f3n\u201d.<br \/>\nPolini fue enf\u00e1tico al momento de analizar las palabras del primer mandatario provincial \u201cSoy una persona que proviene del mundo del trabajo, no vivo del Estado,  me levanto todos los d\u00edas a las 5 de la ma\u00f1ana para producir y generar empleo,  precisamente por eso tom\u00e9 la decisi\u00f3n de participar en pol\u00edtica, porque me hart\u00e9 de los charlatanes y mentirosos, de los que miran para el costado mientras los ciudadanos no pueden circular libremente para ir a trabajar, de los inmorales que se hacen millonarios de la noche a la ma\u00f1ana utilizando la necesidad de los que menos tienen, de ver como los recursos que llegan al Chaco se van por los agujeros de la corrupci\u00f3n en vez de llegar a los hospitales, a las escuelas, a la seguridad, a acompa\u00f1ar a los j\u00f3venes emprendedores y todos a aquellos que trabajan y apuestan al Chaco\u201d<br \/>\nY continu\u00f3 \u201cNo s\u00e9 qu\u00e9 partido estar\u00e1 mirando Capitanich, pero en el marcador del partido que vemos los chaque\u00f1os hace 15 a\u00f1os su derrota es aplastante:<br \/>\nSeguridad: Balaceras, cortes de rutas y calles, robos, asesinatos, femicidios, trata de personas 1 \u2013 Capitanich 0<br \/>\nSegundo Acueducto: Falta de agua 1 &#8211; Capitanich 0<br \/>\nPol\u00edticas energ\u00e9ticas: Cortes de luz y tarifazos 1 &#8211; Capitanich 0<br \/>\nPol\u00edticas de sociales: Pobreza e indigencia 1 \u2013 Capitanich 0<br \/>\nPol\u00edticas de desarrollo:  Presi\u00f3n tributaria 1 \u2013 Capitanich 0<br \/>\nPol\u00edticas sanitarias: Hospitales vac\u00edos 1 \u2013 Capitanich 0<br \/>\nPol\u00edticas educativas:   Escuelas en p\u00e9simas condiciones, bajo rendimiento y deserci\u00f3n 1 \u2013 Capitanich 0<br \/>\nPol\u00edticas ambientales: Desmonte ilegal 1 \u2013 Capitanich 0<br \/>\nSalarios y Jubilaciones: Inflaci\u00f3n 1 \u2013 Capitanich 0<br \/>\nCalidad institucional: Corrupci\u00f3n, avasallamiento, pensamiento \u00fanico, aprobaci\u00f3n y promulgaci\u00f3n de leyes ilegales 1 \u2013 Capitanich 0<br \/>\n\u201cGobernador Capitanich: le pido que act\u00fae con m\u00e1s humildad, con m\u00e1s respeto por el da\u00f1o que ocasion\u00f3 su gesti\u00f3n a quienes no les lleg\u00f3 el agua potable, a los que no pueden pagar la luz, a los que se les pudre la mercader\u00eda y los remedios por los cortes de luz, al 50% de pobres y el 15% de indigentes, a polic\u00edas, docentes, personal de salud, trabajadores y jubilados que mantiene con ingresos por debajo de la l\u00ednea de pobreza, a los j\u00f3venes que se ven obligados a dejar su lugar y sus amigos porque no tienen la m\u00e1s m\u00ednima oportunidad de concretar sus proyectos. Se que en su mundo es dif\u00edcil de encontrar, pero en el m\u00edo hay personas distintas, YO SOY DISTINTO, el 10 de diciembre, el primer d\u00eda de mi gobierno, comienza un Chaco distinto\u201d.<\/p>\n","protected":false},"excerpt":{"rendered":"<p>El farmac\u00e9utico, productor agropecuario, empresario y precandidato a gobernador del Chaco, Juan Carlos Polini respondi\u00f3 las declaraciones efectuadas por el gobernador Capitanich respecto de que \u201cle gana por goleada a la oposici\u00f3n\u201d. Polini fue enf\u00e1tico al momento de analizar las palabras del primer mandatario provincial \u201cSoy una persona que proviene del mundo del trabajo, no [&hellip;]<\/p>\n","protected":false},"author":1,"featured_media":19991,"comment_status":"closed","ping_status":"closed","sticky":false,"template":"","format":"standard","meta":{"footnotes":""},"categories":[6],"tags":[],"class_list":{"0":"post-19990","1":"post","2":"type-post","3":"status-publish","4":"format-standard","5":"has-post-thumbnail","7":"category-chaco"},"_links":{"self":[{"href":"https:\/\/chacosintesis.com.ar\/index.php\/wp-json\/wp\/v2\/posts\/19990","targetHints":{"allow":["GET"]}}],"collection":[{"href":"https:\/\/chacosintesis.com.ar\/index.php\/wp-json\/wp\/v2\/posts"}],"about":[{"href":"https:\/\/chacosintesis.com.ar\/index.php\/wp-json\/wp\/v2\/types\/post"}],"author":[{"embeddable":true,"href":"https:\/\/chacosintesis.com.ar\/index.php\/wp-json\/wp\/v2\/users\/1"}],"replies":[{"embeddable":true,"href":"https:\/\/chacosintesis.com.ar\/index.php\/wp-json\/wp\/v2\/comments?post=19990"}],"version-history":[{"count":0,"href":"https:\/\/chacosintesis.com.ar\/index.php\/wp-json\/wp\/v2\/posts\/19990\/revisions"}],"wp:featuredmedia":[{"embeddable":true,"href":"https:\/\/chacosintesis.com.ar\/index.php\/wp-json\/wp\/v2\/media\/19991"}],"wp:attachment":[{"href":"https:\/\/chacosintesis.com.ar\/index.php\/wp-json\/wp\/v2\/media?parent=19990"}],"wp:term":[{"taxonomy":"category","embeddable":true,"href":"https:\/\/chacosintesis.com.ar\/index.php\/wp-json\/wp\/v2\/categories?post=19990"},{"taxonomy":"post_tag","embeddable":true,"href":"https:\/\/chacosintesis.com.ar\/index.php\/wp-json\/wp\/v2\/tags?post=19990"}],"curies":[{"name":"wp","href":"https:\/\/api.w.org\/{rel}","templated":true}]}}