{"id":19980,"date":"2023-03-25T20:07:03","date_gmt":"2023-03-25T23:07:03","guid":{"rendered":"https:\/\/chacosintesis.com.ar\/?p=19980"},"modified":"2023-03-25T20:36:56","modified_gmt":"2023-03-25T23:36:56","slug":"avia-terai-choque-y-vuelco-de-un-camion-distribuidor-de-cervezas-por-ruta-16","status":"publish","type":"post","link":"https:\/\/chacosintesis.com.ar\/index.php\/avia-terai-choque-y-vuelco-de-un-camion-distribuidor-de-cervezas-por-ruta-16\/","title":{"rendered":"Av\u00eda Terai: Choque y vuelco de un cami\u00f3n distribuidor de cervezas por Ruta 16"},"content":{"rendered":"<p>Al mediod\u00eda de este s\u00e1bado, se registr\u00f3 un siniestro de tr\u00e1nsito sobre la Ruta Nacional N\u00b0 16, entre las localidades de Avia Terai y Concepci\u00f3n del Bermejo, del que fueron part\u00edcipes un auto Renault \u201cOroch\u201d y un cami\u00f3n \u201cVW Semi Hermann\u201d que transportaba latas de cerveza.<\/p>\n<p> De acuerdo al reporte policial, el veh\u00edculo de menor porte era conducido por un hombre de 63 a\u00f1os que iba acompa\u00f1ado de su esposa (44), quienes aseguran \u201cno sufrieron lesiones\u201d, y su hijo (12) que fue trasladado en ambulancia al Hospital de Avia Terai, El chofer del cami\u00f3n, un hombre de 53 a\u00f1os viajaba con otro de 52, quienes \u201cresultaron sin lesiones\u201d.<\/p>\n<p> Indicaron que en el lugar trabaja polic\u00eda de la localidad de Avia Terai, Concepci\u00f3n del Bermejo y la divisi\u00f3n Caminera de Charata por el vuelco del cami\u00f3n, lo que concluy\u00f3 en el corte de la calzada en el sentido ascendente.<\/p>\n","protected":false},"excerpt":{"rendered":"<p>Al mediod\u00eda de este s\u00e1bado, se registr\u00f3 un siniestro de tr\u00e1nsito sobre la Ruta Nacional N\u00b0 16, entre las localidades de Avia Terai y Concepci\u00f3n del Bermejo, del que fueron part\u00edcipes un auto Renault \u201cOroch\u201d y un cami\u00f3n \u201cVW Semi Hermann\u201d que transportaba latas de cerveza. De acuerdo al reporte policial, el veh\u00edculo de menor [&hellip;]<\/p>\n","protected":false},"author":1,"featured_media":19981,"comment_status":"closed","ping_status":"closed","sticky":false,"template":"","format":"standard","meta":{"footnotes":""},"categories":[6],"tags":[],"class_list":{"0":"post-19980","1":"post","2":"type-post","3":"status-publish","4":"format-standard","5":"has-post-thumbnail","7":"category-chaco"},"_links":{"self":[{"href":"https:\/\/chacosintesis.com.ar\/index.php\/wp-json\/wp\/v2\/posts\/19980","targetHints":{"allow":["GET"]}}],"collection":[{"href":"https:\/\/chacosintesis.com.ar\/index.php\/wp-json\/wp\/v2\/posts"}],"about":[{"href":"https:\/\/chacosintesis.com.ar\/index.php\/wp-json\/wp\/v2\/types\/post"}],"author":[{"embeddable":true,"href":"https:\/\/chacosintesis.com.ar\/index.php\/wp-json\/wp\/v2\/users\/1"}],"replies":[{"embeddable":true,"href":"https:\/\/chacosintesis.com.ar\/index.php\/wp-json\/wp\/v2\/comments?post=19980"}],"version-history":[{"count":0,"href":"https:\/\/chacosintesis.com.ar\/index.php\/wp-json\/wp\/v2\/posts\/19980\/revisions"}],"wp:featuredmedia":[{"embeddable":true,"href":"https:\/\/chacosintesis.com.ar\/index.php\/wp-json\/wp\/v2\/media\/19981"}],"wp:attachment":[{"href":"https:\/\/chacosintesis.com.ar\/index.php\/wp-json\/wp\/v2\/media?parent=19980"}],"wp:term":[{"taxonomy":"category","embeddable":true,"href":"https:\/\/chacosintesis.com.ar\/index.php\/wp-json\/wp\/v2\/categories?post=19980"},{"taxonomy":"post_tag","embeddable":true,"href":"https:\/\/chacosintesis.com.ar\/index.php\/wp-json\/wp\/v2\/tags?post=19980"}],"curies":[{"name":"wp","href":"https:\/\/api.w.org\/{rel}","templated":true}]}}