{"id":19978,"date":"2023-03-25T20:05:51","date_gmt":"2023-03-25T23:05:51","guid":{"rendered":"https:\/\/chacosintesis.com.ar\/?p=19978"},"modified":"2023-03-25T20:06:38","modified_gmt":"2023-03-25T23:06:38","slug":"capitanich-participo-del-foro-de-intendentes-e-intendentas-del-frente-chaqueno","status":"publish","type":"post","link":"https:\/\/chacosintesis.com.ar\/index.php\/capitanich-participo-del-foro-de-intendentes-e-intendentas-del-frente-chaqueno\/","title":{"rendered":"Capitanich particip\u00f3 del Foro de Intendentes e Intendentas del Frente Chaque\u00f1o"},"content":{"rendered":"<p>Este s\u00e1bado, el gobernador Jorge Capitanich trabaj\u00f3, junto a intendentes e intendentas, en el dise\u00f1o de pol\u00edticas para la ejecuci\u00f3n de obras p\u00fablicas.<br \/>\n En sus redes sociales, el mandatario detall\u00f3 que en el encuentro tambi\u00e9n se dialog\u00f3 sobre la organizaci\u00f3n del Frente Chaque\u00f1o, de cara a las pr\u00f3ximas elecciones.<br \/>\n &#8220;El Frente ser\u00e1 el espacio de unidad y de alianza donde continuaremos sumando voces y diversos partidos con base en el consenso y la participaci\u00f3n para potenciar el espacio&#8221;, manifest\u00f3 Capitanich y asegur\u00f3 que se trata de &#8220;un espacio comprometido con la calidad de vida de las comunidades, con profunda vocaci\u00f3n de servicio donde el coraz\u00f3n y la mirada est\u00e9n puestas en favor de los vecinos y vecinas para trabajar juntos en soluciones.&#8221;<\/p>\n<p>Capitanich reafirm\u00f3 su &#8220;compromiso&#8221; para transformar la provincia &#8220;con base en el desarrollo del campo, de la producci\u00f3n, la tecnolog\u00eda y el trabajo genuino. Este es el rumbo que queremos seguir transitando para llevar m\u00e1s beneficios a las familias chaque\u00f1as&#8221;.<\/p>\n","protected":false},"excerpt":{"rendered":"<p>Este s\u00e1bado, el gobernador Jorge Capitanich trabaj\u00f3, junto a intendentes e intendentas, en el dise\u00f1o de pol\u00edticas para la ejecuci\u00f3n de obras p\u00fablicas. En sus redes sociales, el mandatario detall\u00f3 que en el encuentro tambi\u00e9n se dialog\u00f3 sobre la organizaci\u00f3n del Frente Chaque\u00f1o, de cara a las pr\u00f3ximas elecciones. &#8220;El Frente ser\u00e1 el espacio de [&hellip;]<\/p>\n","protected":false},"author":1,"featured_media":19979,"comment_status":"closed","ping_status":"closed","sticky":false,"template":"","format":"standard","meta":{"footnotes":""},"categories":[6],"tags":[],"class_list":{"0":"post-19978","1":"post","2":"type-post","3":"status-publish","4":"format-standard","5":"has-post-thumbnail","7":"category-chaco"},"_links":{"self":[{"href":"https:\/\/chacosintesis.com.ar\/index.php\/wp-json\/wp\/v2\/posts\/19978","targetHints":{"allow":["GET"]}}],"collection":[{"href":"https:\/\/chacosintesis.com.ar\/index.php\/wp-json\/wp\/v2\/posts"}],"about":[{"href":"https:\/\/chacosintesis.com.ar\/index.php\/wp-json\/wp\/v2\/types\/post"}],"author":[{"embeddable":true,"href":"https:\/\/chacosintesis.com.ar\/index.php\/wp-json\/wp\/v2\/users\/1"}],"replies":[{"embeddable":true,"href":"https:\/\/chacosintesis.com.ar\/index.php\/wp-json\/wp\/v2\/comments?post=19978"}],"version-history":[{"count":0,"href":"https:\/\/chacosintesis.com.ar\/index.php\/wp-json\/wp\/v2\/posts\/19978\/revisions"}],"wp:featuredmedia":[{"embeddable":true,"href":"https:\/\/chacosintesis.com.ar\/index.php\/wp-json\/wp\/v2\/media\/19979"}],"wp:attachment":[{"href":"https:\/\/chacosintesis.com.ar\/index.php\/wp-json\/wp\/v2\/media?parent=19978"}],"wp:term":[{"taxonomy":"category","embeddable":true,"href":"https:\/\/chacosintesis.com.ar\/index.php\/wp-json\/wp\/v2\/categories?post=19978"},{"taxonomy":"post_tag","embeddable":true,"href":"https:\/\/chacosintesis.com.ar\/index.php\/wp-json\/wp\/v2\/tags?post=19978"}],"curies":[{"name":"wp","href":"https:\/\/api.w.org\/{rel}","templated":true}]}}