{"id":19976,"date":"2023-03-25T17:56:11","date_gmt":"2023-03-25T20:56:11","guid":{"rendered":"https:\/\/chacosintesis.com.ar\/?p=19976"},"modified":"2023-03-25T18:06:40","modified_gmt":"2023-03-25T21:06:40","slug":"camioneros-llegaron-desde-santa-fe-y-exigieron-justicia-por-fernando-francovich","status":"publish","type":"post","link":"https:\/\/chacosintesis.com.ar\/index.php\/camioneros-llegaron-desde-santa-fe-y-exigieron-justicia-por-fernando-francovich\/","title":{"rendered":"Camioneros llegaron desde Santa Fe y exigieron justicia por Fernando Francovich"},"content":{"rendered":"<p>Unos cuarenta transportistas se manifestaron frente a la estaci\u00f3n de servicio a la que lleg\u00f3, agonizando, el joven camionero asesinado en el Chaco.  Intendentes de la zona mediaron para que se levantara un corte de protesta sobre la ruta 16. Al reclamo de justicia se sumaron muchas personas de distintas localidades chaque\u00f1as.<\/p>\n<p>Un importante n\u00famero de transportistas de carga de la provincia de Santa Fe lleg\u00f3 esta ma\u00f1ana a Concepci\u00f3n del Bermejo y se concentr\u00f3 a la vera de la Ruta Nacional 16, frente a la estaci\u00f3n de servicios donde el martes pasado lleg\u00f3 a ingresar, malherido, Fernando Francovich, un camionero de 32 a\u00f1os que minutos antes hab\u00eda sido atacado a balazos en pleno viaje. Poco despu\u00e9s falleci\u00f3.<br \/>\nEl crimen, que conmocion\u00f3  a la regi\u00f3n y se convirti\u00f3 en noticia nacional, gener\u00f3 una ola de repudios e indignaci\u00f3n, principalmente de parte de los colegas de Francovich, que ya ven\u00edan reclamando mayores medidas de seguridad en las rutas, a ra\u00edz de diferentes hechos ocurridos en los \u00faltimos tiempos, principalmente asaltos a mano armada.<br \/>\nEn el caso de Francovich, oriundo de Villa Ocampo, la investigaci\u00f3n penal dio lugar el s\u00e1bado a la detenci\u00f3n de dos sujetos (uno de ellos menor de edad) en S\u00e1enz Pe\u00f1a, y se est\u00e1 tras los pasos de cuatro pr\u00f3fugos. Todav\u00eda no hay certeza de que los detenidos y quienes no fueron hallados a\u00fan por la justicia sean los autores del homicidio. Se realizan pericias y se revisan los celulares de los detenidos y personas de sus entornos.<br \/>\nLA PROTESTA<br \/>\nCamioneros santafesinos ven\u00edan expres\u00e1ndose en las redes sociales reclamando resultados en las investigaciones judiciales y policiales, y en otros casos promoviendo justicia por mano propia. Algunos incluso amenazaron de muerte -v\u00eda redes- a un hombre de S\u00e1enz Pe\u00f1a vinculado al mundo narco, al dar por sentado que tuve que ver con el asesinato de Francovich. Pero en la justicia se cree que ese sujeto -actualmente pr\u00f3fugo por otros hechos- no tiene relaci\u00f3n con este crimen.<br \/>\n Esta ma\u00f1ana, numerosos camiones llegaron desde Santa Fe al Chaco, y se concentraron frente a la estaci\u00f3n de servicio a la que el martes lleg\u00f3, moribundo, el joven chofer atacado por los criminales en la ruta.<br \/>\nFrancovich, fue atacado por tres sujetos que desde la mencionada Concepci\u00f3n del Bermejo lo siguieron en una camioneta Ford Ranger tras descargar un equipo de harina de trigo.<br \/>\n&#8220;Venimos a pedir justicia por Fernando, que muri\u00f3 injustamente en manos de mafiosos, que no le dan valor a la vida humana&#8221;, dijeron los camioneros que arribaron al lugar. Cortaron la ruta durante algunos minutos y quemaron neum\u00e1ticos para visibilizar su reclamo. A la par otros transportistas chaque\u00f1os se sumaron al pedido de justicia.<br \/>\n&#8220;Queremos que venga el ministerio de Seguridad y nos prometa que van a dar con el o los asesinos de Fernando&#8221;, dijeron.<br \/>\nMEDIACION DE INTENDENTES<br \/>\nLos intendentes de Concepci\u00f3n del Bermejo, Raul Maldonado, y de Pampa del Infierno, Glenda Seifert, ya cerca del mediod\u00eda oficiaron de mediadores ante los camioneros que llegaron desde Santa Fe, pidiendo justicia por el asesinato de Fernando Francovich.<br \/>\nLos intendentes, acompa\u00f1ados del subjefe de la Polic\u00eda del Chaco, David Vega, dialogaron con los camioneros que optaron por cortar la ruta nacional 16 en pedido de justicia.<br \/>\nAs\u00ed, mantuvieron una entrevista con Diego Guti\u00e9rrez, familiares del joven asesinado y  transportistas.<br \/>\nCerca de 40 transportistas de carga de la provincia de Santa Fe y pidieron, en un documento, una serie de medidas, comenzando por la detenci\u00f3n y juzgamiento de los asesinos del camionero.<br \/>\nPidieron mayor seguridad en rutas y estaciones de servicio, implementaci\u00f3n de c\u00e1maras de seguridad en rutas nacionales, colocaci\u00f3n de luces led en accesos a localidades y m\u00e1s controles policiales en las carreteras.<br \/>\n DIARIO NORTE.-<\/p>\n","protected":false},"excerpt":{"rendered":"<p>Unos cuarenta transportistas se manifestaron frente a la estaci\u00f3n de servicio a la que lleg\u00f3, agonizando, el joven camionero asesinado en el Chaco. Intendentes de la zona mediaron para que se levantara un corte de protesta sobre la ruta 16. Al reclamo de justicia se sumaron muchas personas de distintas localidades chaque\u00f1as. Un importante n\u00famero [&hellip;]<\/p>\n","protected":false},"author":1,"featured_media":19977,"comment_status":"closed","ping_status":"closed","sticky":false,"template":"","format":"standard","meta":{"footnotes":""},"categories":[6],"tags":[197],"class_list":{"0":"post-19976","1":"post","2":"type-post","3":"status-publish","4":"format-standard","5":"has-post-thumbnail","7":"category-chaco","8":"tag-destacada"},"_links":{"self":[{"href":"https:\/\/chacosintesis.com.ar\/index.php\/wp-json\/wp\/v2\/posts\/19976","targetHints":{"allow":["GET"]}}],"collection":[{"href":"https:\/\/chacosintesis.com.ar\/index.php\/wp-json\/wp\/v2\/posts"}],"about":[{"href":"https:\/\/chacosintesis.com.ar\/index.php\/wp-json\/wp\/v2\/types\/post"}],"author":[{"embeddable":true,"href":"https:\/\/chacosintesis.com.ar\/index.php\/wp-json\/wp\/v2\/users\/1"}],"replies":[{"embeddable":true,"href":"https:\/\/chacosintesis.com.ar\/index.php\/wp-json\/wp\/v2\/comments?post=19976"}],"version-history":[{"count":0,"href":"https:\/\/chacosintesis.com.ar\/index.php\/wp-json\/wp\/v2\/posts\/19976\/revisions"}],"wp:featuredmedia":[{"embeddable":true,"href":"https:\/\/chacosintesis.com.ar\/index.php\/wp-json\/wp\/v2\/media\/19977"}],"wp:attachment":[{"href":"https:\/\/chacosintesis.com.ar\/index.php\/wp-json\/wp\/v2\/media?parent=19976"}],"wp:term":[{"taxonomy":"category","embeddable":true,"href":"https:\/\/chacosintesis.com.ar\/index.php\/wp-json\/wp\/v2\/categories?post=19976"},{"taxonomy":"post_tag","embeddable":true,"href":"https:\/\/chacosintesis.com.ar\/index.php\/wp-json\/wp\/v2\/tags?post=19976"}],"curies":[{"name":"wp","href":"https:\/\/api.w.org\/{rel}","templated":true}]}}