{"id":19968,"date":"2023-03-25T12:11:53","date_gmt":"2023-03-25T15:11:53","guid":{"rendered":"https:\/\/chacosintesis.com.ar\/?p=19968"},"modified":"2023-03-25T12:38:16","modified_gmt":"2023-03-25T15:38:16","slug":"crimen-del-camionero-continuan-los-allanamientos-y-detuvieron-a-dos-personas","status":"publish","type":"post","link":"https:\/\/chacosintesis.com.ar\/index.php\/crimen-del-camionero-continuan-los-allanamientos-y-detuvieron-a-dos-personas\/","title":{"rendered":"Crimen del camionero: contin\u00faan los allanamientos y detuvieron a dos personas"},"content":{"rendered":"<p>El Ministerio de Seguridad y Justicia, a trav\u00e9s de la Polic\u00eda del Chaco, acompa\u00f1a la tarea investigativa de la Justicia. Nuevas pistas vinculan al hecho con una causa anterior en la jurisdicci\u00f3n de Villa \u00c1ngela.<\/p>\n<p>En el marco de la investigaci\u00f3n que lleva adelante la fiscal\u00eda de S\u00e1enz Pe\u00f1a, a cargo de Gustavo Valero, personal policial llev\u00f3 adelante varios allanamientos en Avia Terai y S\u00e1enz Pe\u00f1a. En los mismos, se secuestraron elementos de inter\u00e9s para la causa que investiga el asesinato del chofer del cami\u00f3n, ocurrido el martes 20 de marzo en Concepci\u00f3n del Bermejo.<br \/>\nEn los operativos, result\u00f3 detenido un hombre de 42 a\u00f1os, mientras que un joven menor de edad fue puesto a disposici\u00f3n de la Justicia por su supuesta vinculaci\u00f3n con el crimen.<br \/>\nAsimismo, debido a que pistas nuevas surgidas en la investigaci\u00f3n vinculan el hecho con una causa anterior que est\u00e1 siendo investigada en Villa \u00c1ngela, intervino el fiscal de dicha localidad, Sergio R\u00edos.<br \/>\nTambi\u00e9n, contin\u00faan los rastrillajes en las zonas rurales para dar con el paradero de uno de los sospechosos, cuyo identikit fue difundido por el Gobierno provincial y la Polic\u00eda del Chaco. Las caracter\u00edsticas son: trigue\u00f1o, 1,67 mts de altura, cabello corto negro, de entre 30 y 40 a\u00f1os de edad.<br \/>\nEl crimen del camionero<br \/>\nVale recordar que el martes por la tarde, un hombre de 32 a\u00f1os con domicilio en Santa Fe fue atacado con disparos de arma de fuego cuando conduc\u00eda un cami\u00f3n Scania G-360 con acoplado vac\u00edo. El ataque provino de una camioneta Ford Ranger blanca ocupada por tres sujetos, seg\u00fan relat\u00f3 la v\u00edctima al personal policial. El conductor del cami\u00f3n fue trasladado al hospital 4 de Junio de S\u00e1enz Pe\u00f1a, donde falleci\u00f3.<br \/>\nDesde el primer momento, el Ministerio de Seguridad y Justicia a trav\u00e9s de la Polic\u00eda del Chaco trabaja coordinadamente con la Procuraci\u00f3n General de la provincia para esclarecer el hecho. Es por eso, que la Polic\u00eda trabaja como auxiliar de la Justicia para avanzar r\u00e1pidamente en el hallazgo de los sospechosos. Tambi\u00e9n se mantiene vigente una alerta roja de b\u00fasqueda en todas las provincias lim\u00edtrofes y se mantiene comunicaci\u00f3n con las fuerzas de seguridad de las provincias de Salta, Santiago del Estero, Formosa, Corrientes y Santa Fe.<br \/>\nSe solicita a la comunidad comunicar cualquier dato que pueda servir a la investigaci\u00f3n, al 911 o acercarse a la comisar\u00eda cercana a su domicilio.<\/p>\n","protected":false},"excerpt":{"rendered":"<p>El Ministerio de Seguridad y Justicia, a trav\u00e9s de la Polic\u00eda del Chaco, acompa\u00f1a la tarea investigativa de la Justicia. Nuevas pistas vinculan al hecho con una causa anterior en la jurisdicci\u00f3n de Villa \u00c1ngela. En el marco de la investigaci\u00f3n que lleva adelante la fiscal\u00eda de S\u00e1enz Pe\u00f1a, a cargo de Gustavo Valero, personal [&hellip;]<\/p>\n","protected":false},"author":1,"featured_media":19969,"comment_status":"closed","ping_status":"closed","sticky":false,"template":"","format":"standard","meta":{"footnotes":""},"categories":[6],"tags":[197],"class_list":{"0":"post-19968","1":"post","2":"type-post","3":"status-publish","4":"format-standard","5":"has-post-thumbnail","7":"category-chaco","8":"tag-destacada"},"_links":{"self":[{"href":"https:\/\/chacosintesis.com.ar\/index.php\/wp-json\/wp\/v2\/posts\/19968","targetHints":{"allow":["GET"]}}],"collection":[{"href":"https:\/\/chacosintesis.com.ar\/index.php\/wp-json\/wp\/v2\/posts"}],"about":[{"href":"https:\/\/chacosintesis.com.ar\/index.php\/wp-json\/wp\/v2\/types\/post"}],"author":[{"embeddable":true,"href":"https:\/\/chacosintesis.com.ar\/index.php\/wp-json\/wp\/v2\/users\/1"}],"replies":[{"embeddable":true,"href":"https:\/\/chacosintesis.com.ar\/index.php\/wp-json\/wp\/v2\/comments?post=19968"}],"version-history":[{"count":0,"href":"https:\/\/chacosintesis.com.ar\/index.php\/wp-json\/wp\/v2\/posts\/19968\/revisions"}],"wp:featuredmedia":[{"embeddable":true,"href":"https:\/\/chacosintesis.com.ar\/index.php\/wp-json\/wp\/v2\/media\/19969"}],"wp:attachment":[{"href":"https:\/\/chacosintesis.com.ar\/index.php\/wp-json\/wp\/v2\/media?parent=19968"}],"wp:term":[{"taxonomy":"category","embeddable":true,"href":"https:\/\/chacosintesis.com.ar\/index.php\/wp-json\/wp\/v2\/categories?post=19968"},{"taxonomy":"post_tag","embeddable":true,"href":"https:\/\/chacosintesis.com.ar\/index.php\/wp-json\/wp\/v2\/tags?post=19968"}],"curies":[{"name":"wp","href":"https:\/\/api.w.org\/{rel}","templated":true}]}}