{"id":19938,"date":"2023-03-23T13:33:26","date_gmt":"2023-03-23T16:33:26","guid":{"rendered":"https:\/\/chacosintesis.com.ar\/?p=19938"},"modified":"2023-03-23T13:36:46","modified_gmt":"2023-03-23T16:36:46","slug":"polini-la-seguridad-nos-es-prioridad-para-capitanich","status":"publish","type":"post","link":"https:\/\/chacosintesis.com.ar\/index.php\/polini-la-seguridad-nos-es-prioridad-para-capitanich\/","title":{"rendered":"Polini: &#8220;La seguridad nos es prioridad para Capitanich&#8221;"},"content":{"rendered":"<p>El farmac\u00e9utico, productor agropecuario, empresario y precandidato a gobernador Juan Carlos Polini junto al ex comisario Fernando Romero, dialogaron con la prensa al respecto de la inseguridad en Chaco: \u201cPresentamos nuestras propuestas porque es momento de accionar. Ojal\u00e1 el actual gobernador las tome en cuenta, no nos ofender\u00eda, al contrario, ser\u00eda un placer ayudarlo. Son cuestiones b\u00e1sicas que se deben tratar e implementar en lo inmediato para evitar males mayores\u201d; dijeron.<br \/>\n \u201cEsta semana nos volvimos a impactar con los reportes policiales y aunque la situaci\u00f3n empeora, lamentablemente la sociedad se ha ido acostumbrando a convivir con la delincuencia, por la falta de acci\u00f3n del gobierno precisamente. La gente entendi\u00f3 que si los que nos tienen que cuidar no nos cuidan, lo haremos entre nosotros. Parece l\u00f3gico pero no; no es normal que tengamos miedo en todos lados o que escondamos nuestras cosas de valor cuando caminamos por la calle. No podemos normalizar que los malos sigan sueltos mientras nosotros estamos cada vez m\u00e1s encerrados y atemorizados; eso s\u00ed que ser\u00eda darnos por vencidos.<br \/>\nDesde el Centro de Desarrollo de Pol\u00edticas P\u00fablicas, con ayuda de profesionales, hemos pautado una serie de ejes con t\u00f3picos sencillos en los que hay que trabajar de manera urgente porque se requiere el compromiso ineludible del Estado Provincial para garantizar de manera eficaz y eficiente la seguridad en la provincia. No se puede seguir improvisando y poniendo en riesgo al personal policial y a los civiles sin garantizar lo b\u00e1sico e indispensable\u201d; sostuvieron.<br \/>\nLAS PROPUESTAS<br \/>\n\u201cEn materia de recursos humanos por ejemplo, el ingreso de nuevos agentes policiales es de car\u00e1cter urgente y prioritario. Al d\u00eda de hoy la Polic\u00eda de la Provincia del Chaco cuenta con aproximadamente 6.700 efectivos que deben cuidar y prevenir los delitos para 1.100.000 ciudadanos, claramente es un n\u00famero insuficiente y por tanto, brinda un servicio ineficiente.<br \/>\nPero no es s\u00f3lo eso: vamos a formar a los agentes (eso implica capacitar a los ingresantes y actualizar a los que ya son parte de la fuerza). Hay que rever de inmediato la escala salarial, equipararla a las funciones que cumplen y los riesgos que corren; como as\u00ed tambi\u00e9n garantizar el pago en tiempo y forma de los servicios adicionales. Es sumamente importante la promoci\u00f3n y ascenso anual del personal policial y del servicio penitenciario, esto est\u00e1 establecido por ley pero no se cumple.<br \/>\nEn cuanto a recursos econ\u00f3micos el Estado tiene que invertir de manera urgente en seguridad: hay que renovar y resguardar la flota de veh\u00edculos; refaccionar las unidades policiales existentes y construir nuevas para garantizar una atenci\u00f3n m\u00e1s personalizada al ciudadano. Tenemos que crear centros de detenci\u00f3n transitorios y nuevas alcald\u00edas para asegurar que las comisar\u00edas no alojen personas privadas de su libertad que pongan en riesgo al personal y a la sociedad. El fortalecimiento de todo el sistema es fundamental: mejorar la seguridad vial tambi\u00e9n es sin\u00f3nimo de prevenci\u00f3n.<br \/>\nPor \u00faltimo, pero no menos importante, nos comprometemos a coordinar el trabajo de las fuerzas con los poderes del Estado: es urgente que creemos m\u00e1s fiscal\u00edas penales ordinarias, rurales y de narcomenudeo pero tambi\u00e9n es menester ocuparnos de impulsar nuevas leyes que regulen cuestiones b\u00e1sicas, como el uso de los bienes secuestrados en causas judiciales en favor de la seguridad p\u00fablica; el ingreso anual a las fuerzas; y leyes de ascenso por m\u00e9rito extraordinario para aquellos agentes que secuestren una significativa cantidad de estupefacientes  que incentiven a los buenos agentes a seguir creciendo de manera profesional y fortaleciendo el sistema.<br \/>\nPonemos a disposici\u00f3n del gobierno desde hoy nuestras propuestas, ojal\u00e1 las tomen, pero si no es as\u00ed, que sepan los chaque\u00f1os que a partir del 10 de diciembre, si nos acompa\u00f1an en este proyecto, el Chaco ser\u00e1 verdaderamente distinto y volveremos a disfrutar del orden y la paz social.\u201d; cerraron.<\/p>\n","protected":false},"excerpt":{"rendered":"<p>El farmac\u00e9utico, productor agropecuario, empresario y precandidato a gobernador Juan Carlos Polini junto al ex comisario Fernando Romero, dialogaron con la prensa al respecto de la inseguridad en Chaco: \u201cPresentamos nuestras propuestas porque es momento de accionar. Ojal\u00e1 el actual gobernador las tome en cuenta, no nos ofender\u00eda, al contrario, ser\u00eda un placer ayudarlo. Son [&hellip;]<\/p>\n","protected":false},"author":1,"featured_media":19939,"comment_status":"closed","ping_status":"closed","sticky":false,"template":"","format":"standard","meta":{"footnotes":""},"categories":[6],"tags":[],"class_list":{"0":"post-19938","1":"post","2":"type-post","3":"status-publish","4":"format-standard","5":"has-post-thumbnail","7":"category-chaco"},"_links":{"self":[{"href":"https:\/\/chacosintesis.com.ar\/index.php\/wp-json\/wp\/v2\/posts\/19938","targetHints":{"allow":["GET"]}}],"collection":[{"href":"https:\/\/chacosintesis.com.ar\/index.php\/wp-json\/wp\/v2\/posts"}],"about":[{"href":"https:\/\/chacosintesis.com.ar\/index.php\/wp-json\/wp\/v2\/types\/post"}],"author":[{"embeddable":true,"href":"https:\/\/chacosintesis.com.ar\/index.php\/wp-json\/wp\/v2\/users\/1"}],"replies":[{"embeddable":true,"href":"https:\/\/chacosintesis.com.ar\/index.php\/wp-json\/wp\/v2\/comments?post=19938"}],"version-history":[{"count":0,"href":"https:\/\/chacosintesis.com.ar\/index.php\/wp-json\/wp\/v2\/posts\/19938\/revisions"}],"wp:featuredmedia":[{"embeddable":true,"href":"https:\/\/chacosintesis.com.ar\/index.php\/wp-json\/wp\/v2\/media\/19939"}],"wp:attachment":[{"href":"https:\/\/chacosintesis.com.ar\/index.php\/wp-json\/wp\/v2\/media?parent=19938"}],"wp:term":[{"taxonomy":"category","embeddable":true,"href":"https:\/\/chacosintesis.com.ar\/index.php\/wp-json\/wp\/v2\/categories?post=19938"},{"taxonomy":"post_tag","embeddable":true,"href":"https:\/\/chacosintesis.com.ar\/index.php\/wp-json\/wp\/v2\/tags?post=19938"}],"curies":[{"name":"wp","href":"https:\/\/api.w.org\/{rel}","templated":true}]}}