{"id":19934,"date":"2023-03-23T13:20:29","date_gmt":"2023-03-23T16:20:29","guid":{"rendered":"https:\/\/chacosintesis.com.ar\/?p=19934"},"modified":"2023-03-23T13:36:44","modified_gmt":"2023-03-23T16:36:44","slug":"continua-la-busqueda-de-sospechosos-de-asesinar-a-camionero-y-desmienten-sobre-detencion-en-corrientes","status":"publish","type":"post","link":"https:\/\/chacosintesis.com.ar\/index.php\/continua-la-busqueda-de-sospechosos-de-asesinar-a-camionero-y-desmienten-sobre-detencion-en-corrientes\/","title":{"rendered":"Contin\u00faa la b\u00fasqueda de sospechosos de asesinar a camionero y desmienten sobre detenci\u00f3n en Corrientes"},"content":{"rendered":"<p>Desde el gobierno provincial aseguraron que la versi\u00f3n que circul\u00f3 tras un operativo realizado por la Polic\u00eda de Corrientes \u201cno es oficial\u201d. La persona demorada est\u00e1 vinculada a otra causa, pero no tiene relaci\u00f3n con el hecho sucedido en Concepci\u00f3n del Bermejo.<\/p>\n<p>En la ma\u00f1ana de este jueves, la Polic\u00eda de Corrientes inform\u00f3 que se detuvo a un hombre en el barrio San Jos\u00e9 de la capital correntina. Sin embargo, desde el Ministerio de Seguridad y Justicia de la provincia del Chaco aclararon que no tiene relaci\u00f3n con los sospechosos buscados por el crimen del camionero en Concepci\u00f3n del Bermejo.<\/p>\n<p>Desde la cartera provincial, a trav\u00e9s de la Polic\u00eda del Chaco, se confirm\u00f3 que la persona detenida no est\u00e1 vinculada a este caso sino a otra causa. A su vez, el Ministerio P\u00fablico Fiscal, con las fuerzas de seguridad como auxiliares \u201ccontin\u00faan trabajando en la investigaci\u00f3n para dar con los sospechosos del hecho\u201d, agrega el escrito oficial.<\/p>\n<p>Es por eso que se contin\u00faa buscando a un sospechoso a trav\u00e9s de un identikit. Las caracter\u00edsticas f\u00edsicas del sospechoso ser\u00edan: trigue\u00f1o, 1,67 metros de altura, cabello corto negro, de entre 30 y 40 a\u00f1os de edad. Asimismo, solicitaron a la comunidad que ante cualquier dato que pueda servir a la investigaci\u00f3n se comuniquen al 911 o con la comisar\u00eda cercana a su domicilio, y que conserven la cautela a la hora de compartir informaci\u00f3n en redes sociales que podr\u00eda entorpecer la investigaci\u00f3n.<\/p>\n<p>\u201cLa b\u00fasqueda se realiza incesantemente por personal de distintas divisiones de la Polic\u00eda del Chaco, rastrillajes y controles en los puestos camineros de toda la provincia, y de forma articulada con las fuerzas de seguridad de las provincias de Salta, Santiago del Estero, Formosa, Corrientes y Santa Fe\u201d, concluye el comunicado. El identikit surge tras las declaraciones testimoniales y medidas tomadas por el fiscal de la causa.<\/p>\n","protected":false},"excerpt":{"rendered":"<p>Desde el gobierno provincial aseguraron que la versi\u00f3n que circul\u00f3 tras un operativo realizado por la Polic\u00eda de Corrientes \u201cno es oficial\u201d. La persona demorada est\u00e1 vinculada a otra causa, pero no tiene relaci\u00f3n con el hecho sucedido en Concepci\u00f3n del Bermejo. En la ma\u00f1ana de este jueves, la Polic\u00eda de Corrientes inform\u00f3 que se [&hellip;]<\/p>\n","protected":false},"author":1,"featured_media":19935,"comment_status":"closed","ping_status":"closed","sticky":false,"template":"","format":"standard","meta":{"footnotes":""},"categories":[6],"tags":[197],"class_list":{"0":"post-19934","1":"post","2":"type-post","3":"status-publish","4":"format-standard","5":"has-post-thumbnail","7":"category-chaco","8":"tag-destacada"},"_links":{"self":[{"href":"https:\/\/chacosintesis.com.ar\/index.php\/wp-json\/wp\/v2\/posts\/19934","targetHints":{"allow":["GET"]}}],"collection":[{"href":"https:\/\/chacosintesis.com.ar\/index.php\/wp-json\/wp\/v2\/posts"}],"about":[{"href":"https:\/\/chacosintesis.com.ar\/index.php\/wp-json\/wp\/v2\/types\/post"}],"author":[{"embeddable":true,"href":"https:\/\/chacosintesis.com.ar\/index.php\/wp-json\/wp\/v2\/users\/1"}],"replies":[{"embeddable":true,"href":"https:\/\/chacosintesis.com.ar\/index.php\/wp-json\/wp\/v2\/comments?post=19934"}],"version-history":[{"count":0,"href":"https:\/\/chacosintesis.com.ar\/index.php\/wp-json\/wp\/v2\/posts\/19934\/revisions"}],"wp:featuredmedia":[{"embeddable":true,"href":"https:\/\/chacosintesis.com.ar\/index.php\/wp-json\/wp\/v2\/media\/19935"}],"wp:attachment":[{"href":"https:\/\/chacosintesis.com.ar\/index.php\/wp-json\/wp\/v2\/media?parent=19934"}],"wp:term":[{"taxonomy":"category","embeddable":true,"href":"https:\/\/chacosintesis.com.ar\/index.php\/wp-json\/wp\/v2\/categories?post=19934"},{"taxonomy":"post_tag","embeddable":true,"href":"https:\/\/chacosintesis.com.ar\/index.php\/wp-json\/wp\/v2\/tags?post=19934"}],"curies":[{"name":"wp","href":"https:\/\/api.w.org\/{rel}","templated":true}]}}