{"id":19928,"date":"2023-03-23T00:15:06","date_gmt":"2023-03-23T03:15:06","guid":{"rendered":"https:\/\/chacosintesis.com.ar\/?p=19928"},"modified":"2023-03-23T00:36:43","modified_gmt":"2023-03-23T03:36:43","slug":"la-legislatura-ratifico-decreto-que-eleva-la-pension-provincial-a-veteranos-de-guerra","status":"publish","type":"post","link":"https:\/\/chacosintesis.com.ar\/index.php\/la-legislatura-ratifico-decreto-que-eleva-la-pension-provincial-a-veteranos-de-guerra\/","title":{"rendered":"La Legislatura ratific\u00f3 Decreto que eleva la pensi\u00f3n provincial a veteranos de Guerra"},"content":{"rendered":"<p>La tercera sesi\u00f3n ordinaria anual del Poder Legislativo se realiz\u00f3 este mi\u00e9rcoles a la siesta, oportunidad en la que las y los legisladores abordaron los proyectos de la alteraci\u00f3n del Orden del D\u00eda acordada en la reuni\u00f3n de Labor Parlamentaria. Previo al inicio del tratamiento del temario, diputados y diputadas de distintas bancadas se refirieron a la conmemoraci\u00f3n del 24 de Marzo, D\u00eda Nacional de la Memoria por la Verdad y la Justicia, en el que se conmemora a las v\u00edctimas de la \u00faltima dictadura militar en nuestro pa\u00eds. Adem\u00e1s, se aprobaron ratificaciones de decretos que establecen bonificaciones e incrementos salariales acordados por el Poder Ejecutivo con distintos sectores del Estado provincial, que ya se encuentran en vigencia y requer\u00edan su aprobaci\u00f3n por Ley.<br \/>\nLuego, se sancion\u00f3 en forma un\u00e1nime la ratificaci\u00f3n del Decreto N\u00b0 317\/23 del Poder Ejecutivo, a trav\u00e9s del cual se establece a partir del primero de marzo de 2023, la pensi\u00f3n provincial percibida por los excombatientes chaque\u00f1os-beneficiarios alcanzados por el art\u00edculo 1\u00b0 de la ley provincial N\u00b0 2017-H-,  la cual ser\u00e1 equivalente a tres salarios m\u00ednimos vitales y m\u00f3viles. En la misma tem\u00e1tica, impulsada por el diputado Carim Peche y el exdiputado Ricardo S\u00e1nchez, se aprob\u00f3 la incorporaci\u00f3n de un inciso al art. 3\u00aa de la ley 3046-H relacionado al beneficio de la pensi\u00f3n graciable provincial para ex combatientes de guerra, a fin de que en caso de fallecimiento del titular tambi\u00e9n puedan percibirlo las hermanas o hermanos del causante.<br \/>\nAutor\u00eda de la diputada \u00c9lida Cuesta, fue sancionada por unanimidad la Ley que instituye el segundo s\u00e1bado del mes de mayo de cada a\u00f1o como D\u00eda Provincial del S\u00edndrome de Cornelia de Lange, en coincidencia con la fecha en la que se conmemora a nivel mundial, con el objetivo de difundir la importancia del pronto diagn\u00f3stico y tratamiento de esta alteraci\u00f3n gen\u00e9tica que afecta al desarrollo f\u00edsico e intelectual del paciente.<br \/>\nSe aprob\u00f3 tambi\u00e9n la propuesta del diputado Roberto Acosta, que modifica varios art\u00edculos de la ley 2304-N  que adhiere a la ley nacional de R\u00e9gimen penal de estupefacientes, con el objeto de reorganizar y afianzar el poder de acci\u00f3n del fuero anti narcotr\u00e1fico en el interior de la provincia, creando un nuevo Juzgado de Garant\u00edas, dos Fiscal\u00edas y una Defensor\u00eda Oficial en la Segunda Circunscripci\u00f3n Judicial, con asiento en la ciudad de Presidencia Roque S\u00e1enz Pe\u00f1a.<br \/>\n Por otra parte, el cuerpo vot\u00f3 por unanimidad instituir por ley la &#8220;Semana provincial de concientizaci\u00f3n sobre la maniobra de Heimlich&#8221;, que tendr\u00e1 lugar la tercera semana del mes de mayo de cada a\u00f1o, propuesta impulsada por el diputado Atlanto Honcheruk.<br \/>\nFinalmente, los diputados y diputadas declararon  Monumento y Patrimonio Hist\u00f3rico, Social y Cultural de la provincia del Chaco, el edificio de la ex Escuela N\u00b0 27, actual N\u00b0 562, frente a la plaza central de la localidad de Misi\u00f3n Nueva Pompeya; iniciativa autor\u00eda de la diputada Dorys Arkwright y su par Leandro Zdero, con agregado de los legisladores \u00c9lida Cuesta, Dar\u00edo Bacileff Ivanoff, Juan Jos\u00e9 Bergia y Andrea Charole.<\/p>\n","protected":false},"excerpt":{"rendered":"<p>La tercera sesi\u00f3n ordinaria anual del Poder Legislativo se realiz\u00f3 este mi\u00e9rcoles a la siesta, oportunidad en la que las y los legisladores abordaron los proyectos de la alteraci\u00f3n del Orden del D\u00eda acordada en la reuni\u00f3n de Labor Parlamentaria. Previo al inicio del tratamiento del temario, diputados y diputadas de distintas bancadas se refirieron [&hellip;]<\/p>\n","protected":false},"author":1,"featured_media":19929,"comment_status":"closed","ping_status":"closed","sticky":false,"template":"","format":"standard","meta":{"footnotes":""},"categories":[6],"tags":[],"class_list":{"0":"post-19928","1":"post","2":"type-post","3":"status-publish","4":"format-standard","5":"has-post-thumbnail","7":"category-chaco"},"_links":{"self":[{"href":"https:\/\/chacosintesis.com.ar\/index.php\/wp-json\/wp\/v2\/posts\/19928","targetHints":{"allow":["GET"]}}],"collection":[{"href":"https:\/\/chacosintesis.com.ar\/index.php\/wp-json\/wp\/v2\/posts"}],"about":[{"href":"https:\/\/chacosintesis.com.ar\/index.php\/wp-json\/wp\/v2\/types\/post"}],"author":[{"embeddable":true,"href":"https:\/\/chacosintesis.com.ar\/index.php\/wp-json\/wp\/v2\/users\/1"}],"replies":[{"embeddable":true,"href":"https:\/\/chacosintesis.com.ar\/index.php\/wp-json\/wp\/v2\/comments?post=19928"}],"version-history":[{"count":0,"href":"https:\/\/chacosintesis.com.ar\/index.php\/wp-json\/wp\/v2\/posts\/19928\/revisions"}],"wp:featuredmedia":[{"embeddable":true,"href":"https:\/\/chacosintesis.com.ar\/index.php\/wp-json\/wp\/v2\/media\/19929"}],"wp:attachment":[{"href":"https:\/\/chacosintesis.com.ar\/index.php\/wp-json\/wp\/v2\/media?parent=19928"}],"wp:term":[{"taxonomy":"category","embeddable":true,"href":"https:\/\/chacosintesis.com.ar\/index.php\/wp-json\/wp\/v2\/categories?post=19928"},{"taxonomy":"post_tag","embeddable":true,"href":"https:\/\/chacosintesis.com.ar\/index.php\/wp-json\/wp\/v2\/tags?post=19928"}],"curies":[{"name":"wp","href":"https:\/\/api.w.org\/{rel}","templated":true}]}}