{"id":19910,"date":"2023-03-21T22:17:21","date_gmt":"2023-03-22T01:17:21","guid":{"rendered":"https:\/\/chacosintesis.com.ar\/?p=19910"},"modified":"2023-03-21T22:36:38","modified_gmt":"2023-03-22T01:36:38","slug":"concepcion-del-bermejo-asesinaron-a-bvalazos-a-un-camionero-en-un-presunto-asalto","status":"publish","type":"post","link":"https:\/\/chacosintesis.com.ar\/index.php\/concepcion-del-bermejo-asesinaron-a-bvalazos-a-un-camionero-en-un-presunto-asalto\/","title":{"rendered":"Concepci\u00f3n del Bermejo: Asesinaron a bvalazos a un camionero en un presunto asalto"},"content":{"rendered":"<p>La ministra de Seguridad y Justicia se puso en contacto con ministros de las provincias lim\u00edtrofes a los fines de detener a los sospechosos.<br \/>\n Este martes por la tarde un hombre de 32 a\u00f1os con domicilio en Santa Fe fue atacado con disparos de arma de fuego cuando conduc\u00eda un cami\u00f3n Scania G-360 con acoplado vac\u00edo. El ataque provino de una camioneta Ford Ranger blanca ocupada por tres sujetos, seg\u00fan relat\u00f3 la v\u00edctima al personal policial. Todo ocurri\u00f3 en una estaci\u00f3n de servicio de la localidad de Concepci\u00f3n del Bermejo.<\/p>\n<p>El hombre fue trasladado al hospital 4 de Junio de S\u00e1enz Pe\u00f1a, donde finalmente falleci\u00f3 producto de las heridas que sufri\u00f3.<\/p>\n<p>Tras el hecho, la ministra de Seguridad y Justicia, Gloria Zalazar, se puso en contacto con la Procuraci\u00f3n General de la provincia. Por jurisdicci\u00f3n, intervino el fiscal de S\u00e1enz Pe\u00f1a Gustavo Valero, quien solicit\u00f3 las primeras medidas para investigar lo ocurrido.<\/p>\n<p>\u201cLas divisiones de Investigaciones Complejas, el Cuerpo de Operaciones Especiales y Polic\u00eda Caminera trabajan como auxiliares de la Justicia para dar con las personas involucradas en el hecho. Tambi\u00e9n se dio un aviso de Alerta Roja conjuntamente con las fuerzas federales para prevenir la salida de los sujetos de la provincia\u201d, detall\u00f3 Zalazar.<\/p>\n<p>Seg\u00fan explic\u00f3, tambi\u00e9n se puso en contacto con las autoridades de las carteras de Seguridad de las provincias de Salta, Santiago del Estero, Formosa, Corrientes y Santa Fe, a los fines de trabajar coordinadamente para detener a los sujetos.<\/p>\n","protected":false},"excerpt":{"rendered":"<p>La ministra de Seguridad y Justicia se puso en contacto con ministros de las provincias lim\u00edtrofes a los fines de detener a los sospechosos. Este martes por la tarde un hombre de 32 a\u00f1os con domicilio en Santa Fe fue atacado con disparos de arma de fuego cuando conduc\u00eda un cami\u00f3n Scania G-360 con acoplado [&hellip;]<\/p>\n","protected":false},"author":1,"featured_media":19911,"comment_status":"closed","ping_status":"closed","sticky":false,"template":"","format":"standard","meta":{"footnotes":""},"categories":[6],"tags":[197],"class_list":{"0":"post-19910","1":"post","2":"type-post","3":"status-publish","4":"format-standard","5":"has-post-thumbnail","7":"category-chaco","8":"tag-destacada"},"_links":{"self":[{"href":"https:\/\/chacosintesis.com.ar\/index.php\/wp-json\/wp\/v2\/posts\/19910","targetHints":{"allow":["GET"]}}],"collection":[{"href":"https:\/\/chacosintesis.com.ar\/index.php\/wp-json\/wp\/v2\/posts"}],"about":[{"href":"https:\/\/chacosintesis.com.ar\/index.php\/wp-json\/wp\/v2\/types\/post"}],"author":[{"embeddable":true,"href":"https:\/\/chacosintesis.com.ar\/index.php\/wp-json\/wp\/v2\/users\/1"}],"replies":[{"embeddable":true,"href":"https:\/\/chacosintesis.com.ar\/index.php\/wp-json\/wp\/v2\/comments?post=19910"}],"version-history":[{"count":0,"href":"https:\/\/chacosintesis.com.ar\/index.php\/wp-json\/wp\/v2\/posts\/19910\/revisions"}],"wp:featuredmedia":[{"embeddable":true,"href":"https:\/\/chacosintesis.com.ar\/index.php\/wp-json\/wp\/v2\/media\/19911"}],"wp:attachment":[{"href":"https:\/\/chacosintesis.com.ar\/index.php\/wp-json\/wp\/v2\/media?parent=19910"}],"wp:term":[{"taxonomy":"category","embeddable":true,"href":"https:\/\/chacosintesis.com.ar\/index.php\/wp-json\/wp\/v2\/categories?post=19910"},{"taxonomy":"post_tag","embeddable":true,"href":"https:\/\/chacosintesis.com.ar\/index.php\/wp-json\/wp\/v2\/tags?post=19910"}],"curies":[{"name":"wp","href":"https:\/\/api.w.org\/{rel}","templated":true}]}}