{"id":19908,"date":"2023-03-21T13:30:15","date_gmt":"2023-03-21T16:30:15","guid":{"rendered":"https:\/\/chacosintesis.com.ar\/?p=19908"},"modified":"2023-03-21T13:37:30","modified_gmt":"2023-03-21T16:37:30","slug":"profundizan-las-politicas-de-salud-mental-en-chaco","status":"publish","type":"post","link":"https:\/\/chacosintesis.com.ar\/index.php\/profundizan-las-politicas-de-salud-mental-en-chaco\/","title":{"rendered":"Profundizan las pol\u00edticas de Salud Mental en Chaco"},"content":{"rendered":"<p>A trav\u00e9s del informe \u201cTransformar la Salud Mental para todos\u201d, representantes de la Organizaci\u00f3n Mundial de la Salud expusieron experiencias internacionales para el desarrollo, tratamiento y mejora de pol\u00edticas p\u00fablicas en materia de salud mental.<\/p>\n<p>El gobernador Jorge Capitanich recibi\u00f3 este lunes a la directora del Departamento de Salud Mental y Abuso de Sustancias de la Organizaci\u00f3n Mundial de la Salud (OMS), D\u00e9vora Kestel, quien present\u00f3 el informe de situaci\u00f3n \u201cTransformar la Salud Mental para todos\u201d, documento que busca mejorar las pol\u00edticas p\u00fablicas en ese \u00e1mbito. Adem\u00e1s, se expusieron dos nuevos espacios interinstitucionales para trabajar la tem\u00e1tica de salud mental en la provincia. \u201cPrestamos atenci\u00f3n a la cuesti\u00f3n de la salud mental porque entendemos que es un problema de magnitud creciente y que requiere el dise\u00f1o y ejecuci\u00f3n de pol\u00edticas p\u00fablicas que nos permitan fortalecer la inversi\u00f3n y el trabajo desde el sector p\u00fablico y privado\u201d, expres\u00f3 Capitanich, acompa\u00f1ado por la ministra de Salud, Carolina Centeno. El informe \u201cTransformar la salud mental para todos\u201d busca inspirar, informar y transformar las pol\u00edticas para mejorar los servicios de salud mental para todas y todos en todas partes. Cita ejemplos de buenas pr\u00e1cticas alrededor del mundo, experiencias e invita a todas las comunidades a trabajar para profundizar el valor y el compromiso que se le da a la salud mental, transformar entornos y fortalecer sistemas de cuidado de la salud mental. Capitanich remarc\u00f3 adem\u00e1s la importancia de que las pol\u00edticas p\u00fablicas en materia de salud mental tengan un enfoque integrador, y explic\u00f3: \u201cUna persona que asiste al consultorio de salud mental no solamente necesita la atenci\u00f3n. Necesita de un lugar para vivir, empleo, acceso a la educaci\u00f3n y poder construir un proyecto de vida que debemos acompa\u00f1ar como Estado\u201d, remarc\u00f3 y llam\u00f3 a \u201cgenerar modelos de inserci\u00f3n en los entornos sociales, con una activa participaci\u00f3n comunitaria y el desarrollo de pol\u00edticas sist\u00e9micas\u201d. La provincia del Chaco cuenta con una serie de iniciativas y pol\u00edticas p\u00fablicas para fortalecer el acceso a la salud mental, tales como la Mesa Intersectorial de Pol\u00edticas de Salud Mental y Adicciones, el Consejo Consultivo Honorario en Salud Mental y Adicciones Local, o la adhesi\u00f3n a la Ley de Salud Mental N\u00b0 26657. Por su parte, D\u00e9vora Kestel destac\u00f3 que \u201ceste informe es una respuesta a una demanda creciente sobre salud mental, una problem\u00e1tica que se ve cada vez m\u00e1s en todos los pa\u00edses donde trabajamos y donde no necesariamente se trabaja sobre ello. En palabras simples, se trata de un documento con lenguaje accesible destinado a quienes implementan pol\u00edticas de salud, dando sugerencias concretas de cu\u00e1l es el camino para mejorar los sistemas de salud mental en el mundo\u201d. Kestel destac\u00f3 que \u201clos temas de salud mental ya ven\u00edan trat\u00e1ndose de una manera distinta con anterioridad, y la pandemia vino a reforzar esa visualizaci\u00f3n. A partir del sufrimiento y del encierro, hoy se habla m\u00e1s del tema, sin que eso nos lleve a una posible marginalidad. Se podr\u00eda decir que normaliz\u00f3 el tratamiento de la salud mental\u201d. Durante la reuni\u00f3n, tambi\u00e9n se expusieron dos nuevas herramientas: la Comisi\u00f3n Provincial Interministerial en Pol\u00edticas de Salud Mental y Adicciones (Coprisma) y el Consejo Consultivo Honorario Provincial en Salud Mental y Adicciones (CCH). En el caso de Coprisma, se trata de un organismo que convoca al Poder Ejecutivo, Legislativo y Judicial a poder discutir, en el marco de la Secretar\u00eda General de la Gobernaci\u00f3n y en coordinaci\u00f3n con el Ministerio de Salud, qu\u00e9 pol\u00edticas se desarrollar\u00e1n en esta materia y qu\u00e9 se necesita para fortalecerlas. La participaci\u00f3n de todos los sectores del Estado tiene como fin diagramar y efectivizar pol\u00edticas p\u00fablicas integrales que tengan como objeto el mejoramiento de la salud mental de la poblaci\u00f3n chaque\u00f1a. Mientras que el CCH permitir\u00e1 sumar las voces de usuarios y usuarias del sistema, del sector p\u00fablico y privado. La ministra de Salud P\u00fablica, Carolina Centeno, agradeci\u00f3 la posibilidad de conocer la realidad de otros pa\u00edses del mundo ya que son \u201crealidades que se evidencian en nuestra provincia. La salud mental es cosa de todos, sectores p\u00fablicos, privados, organizaciones sociales, y el Estado tiene la obligaci\u00f3n de aportar cuidado de la salud mental\u201d, remarc\u00f3. En representaci\u00f3n de usuarios de Salud P\u00fablica, Juan Ben\u00edtez, celebr\u00f3 la posibilidad de contar \u201ccon un Estado presente, que nos escucha, nos da oportunidades de trabajar, expresarnos, porque la salud mental es todo b\u00e1sicamente y si uno no la tiene, no puede tener una vida digna y con oportunidades de integrarse a la sociedad\u201d, expres\u00f3. Participaron la representante de Salud Mental en Argentina por la OPS, Liliana Urbina, la subsecretaria de Salud Comunitaria, Entornos Saludables y No Violentos, Josefina Bittel, la subsecretaria de Educaci\u00f3n, Ludmila Pellegrini el presidente del INSSSEP, Antonio Morante, la vicepresidenta del INSSSEP, Mabel Vi\u00f1a Simoncini, el director de Salud Mental de la provincia, Diego Collantes, y en representaci\u00f3n de usuarios de Salud P\u00fablica, Juan Ben\u00edtez.<\/p>\n","protected":false},"excerpt":{"rendered":"<p>A trav\u00e9s del informe \u201cTransformar la Salud Mental para todos\u201d, representantes de la Organizaci\u00f3n Mundial de la Salud expusieron experiencias internacionales para el desarrollo, tratamiento y mejora de pol\u00edticas p\u00fablicas en materia de salud mental. El gobernador Jorge Capitanich recibi\u00f3 este lunes a la directora del Departamento de Salud Mental y Abuso de Sustancias de [&hellip;]<\/p>\n","protected":false},"author":1,"featured_media":19909,"comment_status":"closed","ping_status":"closed","sticky":false,"template":"","format":"standard","meta":{"footnotes":""},"categories":[6],"tags":[],"class_list":{"0":"post-19908","1":"post","2":"type-post","3":"status-publish","4":"format-standard","5":"has-post-thumbnail","7":"category-chaco"},"_links":{"self":[{"href":"https:\/\/chacosintesis.com.ar\/index.php\/wp-json\/wp\/v2\/posts\/19908","targetHints":{"allow":["GET"]}}],"collection":[{"href":"https:\/\/chacosintesis.com.ar\/index.php\/wp-json\/wp\/v2\/posts"}],"about":[{"href":"https:\/\/chacosintesis.com.ar\/index.php\/wp-json\/wp\/v2\/types\/post"}],"author":[{"embeddable":true,"href":"https:\/\/chacosintesis.com.ar\/index.php\/wp-json\/wp\/v2\/users\/1"}],"replies":[{"embeddable":true,"href":"https:\/\/chacosintesis.com.ar\/index.php\/wp-json\/wp\/v2\/comments?post=19908"}],"version-history":[{"count":0,"href":"https:\/\/chacosintesis.com.ar\/index.php\/wp-json\/wp\/v2\/posts\/19908\/revisions"}],"wp:featuredmedia":[{"embeddable":true,"href":"https:\/\/chacosintesis.com.ar\/index.php\/wp-json\/wp\/v2\/media\/19909"}],"wp:attachment":[{"href":"https:\/\/chacosintesis.com.ar\/index.php\/wp-json\/wp\/v2\/media?parent=19908"}],"wp:term":[{"taxonomy":"category","embeddable":true,"href":"https:\/\/chacosintesis.com.ar\/index.php\/wp-json\/wp\/v2\/categories?post=19908"},{"taxonomy":"post_tag","embeddable":true,"href":"https:\/\/chacosintesis.com.ar\/index.php\/wp-json\/wp\/v2\/tags?post=19908"}],"curies":[{"name":"wp","href":"https:\/\/api.w.org\/{rel}","templated":true}]}}