{"id":19904,"date":"2023-03-20T23:52:27","date_gmt":"2023-03-21T02:52:27","guid":{"rendered":"https:\/\/chacosintesis.com.ar\/?p=19904"},"modified":"2023-03-21T00:07:00","modified_gmt":"2023-03-21T03:07:00","slug":"el-tribunal-electoral-aprobo-el-cronograma-para-las-elecciones-provinciales","status":"publish","type":"post","link":"https:\/\/chacosintesis.com.ar\/index.php\/el-tribunal-electoral-aprobo-el-cronograma-para-las-elecciones-provinciales\/","title":{"rendered":"El Tribunal Electoral aprob\u00f3 el cronograma para las elecciones provinciales"},"content":{"rendered":"<p>La reuni\u00f3n fue presidida por la titular de dicho tribunal, la jueza Emilia Mar\u00eda Valle. Se definieron acciones en materia de confecci\u00f3n de padrones electorales, seguridad durante los comicios, y otras medidas indispensables de los actos electivos.<\/p>\n<p>Luego de ser notificados del Decreto del Poder Ejecutivo N\u00b0 551\/23 de Convocatoria a Elecciones, en acuerdo, se reunieron este lunes desde las 17 los integrantes del Tribunal Electoral de la Provincia del Chaco, ocasi\u00f3n en la cual fue aprobado el cronograma electoral provincial.<br \/>\nLa reuni\u00f3n estuvo presidida por Emilia Mar\u00eda Valle, con las presencias de las juezas Silvana Morando y Daniela Soledad Meiri\u00f1o, y del procurador fiscal Francisco As\u00eds De Obald\u00eda Eyseric, asistidos por la secretaria electoral Marcela Centuri\u00f3n Yedro.<br \/>\nSeg\u00fan inform\u00f3 el Tribunal, fue aprobado el Cronograma Electoral para las Elecciones Primarias, Abiertas, Simult\u00e1neas y Obligatorias (PASO) del 18 de junio de 2023 para gobernador, vicegobernador, 16 diputadas y diputados provinciales junto a sus respectivos suplentes, intendentes y concejales municipales; y para las Elecciones Generales del 17 de septiembre de 2023, con una eventual segunda vuelta el 8 de octubre de 2023.<br \/>\n Asimismo, en la oportunidad se tomaron medidas generales de organizaci\u00f3n y administraci\u00f3n de dichos procesos electorales, lo que qued\u00f3 plasmado en Acta N\u00b0 1\/23.<br \/>\nAlgunas de dichas medidas son, por caso, la solicitud a la justicia federal con competencia electoral en el Chaco, de informaci\u00f3n pertinente para la confecci\u00f3n de Padrones de Electores del Distrito Chaco, debidamente depurado y actualizado, en vistas del desdoblamiento de las elecciones provinciales y las nacionales.<br \/>\nOtros puntos de acuerdo incluidos en el acta refieren a la seguridad de los comicios y custodia de las urnas, los establecimientos de votaci\u00f3n, el servicio de correo y log\u00edstica electoral, la habilitaci\u00f3n de un Registro Voluntario de autoridades de mesa y medidas para el sufragio de personas no videntes, entre otras.<\/p>\n<p>El cronograma aprobado<\/p>\n<p>Como parte del acta N\u00b0 1\/23 se adjunta el cronograma de fechas del decreto provincial de convocatoria a elecciones. La primera fecha all\u00ed prevista es el 21 de marzo, con el Cierre del Padr\u00f3n de Electores Nacionales, novedades y registraciones.<\/p>\n","protected":false},"excerpt":{"rendered":"<p>La reuni\u00f3n fue presidida por la titular de dicho tribunal, la jueza Emilia Mar\u00eda Valle. Se definieron acciones en materia de confecci\u00f3n de padrones electorales, seguridad durante los comicios, y otras medidas indispensables de los actos electivos. Luego de ser notificados del Decreto del Poder Ejecutivo N\u00b0 551\/23 de Convocatoria a Elecciones, en acuerdo, se [&hellip;]<\/p>\n","protected":false},"author":1,"featured_media":19905,"comment_status":"closed","ping_status":"closed","sticky":false,"template":"","format":"standard","meta":{"footnotes":""},"categories":[6],"tags":[197],"class_list":{"0":"post-19904","1":"post","2":"type-post","3":"status-publish","4":"format-standard","5":"has-post-thumbnail","7":"category-chaco","8":"tag-destacada"},"_links":{"self":[{"href":"https:\/\/chacosintesis.com.ar\/index.php\/wp-json\/wp\/v2\/posts\/19904","targetHints":{"allow":["GET"]}}],"collection":[{"href":"https:\/\/chacosintesis.com.ar\/index.php\/wp-json\/wp\/v2\/posts"}],"about":[{"href":"https:\/\/chacosintesis.com.ar\/index.php\/wp-json\/wp\/v2\/types\/post"}],"author":[{"embeddable":true,"href":"https:\/\/chacosintesis.com.ar\/index.php\/wp-json\/wp\/v2\/users\/1"}],"replies":[{"embeddable":true,"href":"https:\/\/chacosintesis.com.ar\/index.php\/wp-json\/wp\/v2\/comments?post=19904"}],"version-history":[{"count":0,"href":"https:\/\/chacosintesis.com.ar\/index.php\/wp-json\/wp\/v2\/posts\/19904\/revisions"}],"wp:featuredmedia":[{"embeddable":true,"href":"https:\/\/chacosintesis.com.ar\/index.php\/wp-json\/wp\/v2\/media\/19905"}],"wp:attachment":[{"href":"https:\/\/chacosintesis.com.ar\/index.php\/wp-json\/wp\/v2\/media?parent=19904"}],"wp:term":[{"taxonomy":"category","embeddable":true,"href":"https:\/\/chacosintesis.com.ar\/index.php\/wp-json\/wp\/v2\/categories?post=19904"},{"taxonomy":"post_tag","embeddable":true,"href":"https:\/\/chacosintesis.com.ar\/index.php\/wp-json\/wp\/v2\/tags?post=19904"}],"curies":[{"name":"wp","href":"https:\/\/api.w.org\/{rel}","templated":true}]}}