{"id":19871,"date":"2023-03-20T08:33:25","date_gmt":"2023-03-20T11:33:25","guid":{"rendered":"https:\/\/chacosintesis.com.ar\/?p=19871"},"modified":"2023-03-20T08:37:21","modified_gmt":"2023-03-20T11:37:21","slug":"villa-rio-bermejito-rescataron-a-un-bebe-de-un-ano-que-habria-sido-abandonado-en-su-hogar","status":"publish","type":"post","link":"https:\/\/chacosintesis.com.ar\/index.php\/villa-rio-bermejito-rescataron-a-un-bebe-de-un-ano-que-habria-sido-abandonado-en-su-hogar\/","title":{"rendered":"Villa R\u00edo Bermejito: Rescataron a un beb\u00e9 de un a\u00f1o que habr\u00eda sido abandonado en su hogar"},"content":{"rendered":"<p>Luego del aviso de vecinas y vecinos y la r\u00e1pida intervenci\u00f3n del personal de la comisar\u00eda local, asistieron al peque\u00f1o y lo trasladaron al hospital local para recibir atenci\u00f3n.<\/p>\n<p>Efectivos de la comisar\u00eda de Villa R\u00edo Bermejito fueron alertados, a trav\u00e9s de varios llamados de vecinas y vecinos del barrio CTI, que un beb\u00e9 se hallaba llorando y gritando, encerrado en un hogar.<br \/>\nInmediatamente los polic\u00edas se dirigieron al lugar y constataron lo que suced\u00eda, pero las puertas y ventanas de la vivienda se encontraban cerradas. Ante ello, y teniendo en cuenta que peligraba el menor, ingresaron al inmueble a trav\u00e9s de la ventana, logrando extraer al bebe de 1 a\u00f1o y lo llevaron al hospital.<br \/>\nEn averiguaciones y entrevistas con las y los vecinos, manifestaron que los padres se fueron y lo dejaron s\u00f3lo.<br \/>\nLa Fiscal\u00eda de Investigaci\u00f3n Penal N\u00b02 de Juan Jos\u00e9 Castelli, dispuso la inmediata intervenci\u00f3n del Juzgado de Ni\u00f1os, Ni\u00f1as, Adolescentes y Familia- Unidad de Protecci\u00f3n Integral.<\/p>\n","protected":false},"excerpt":{"rendered":"<p>Luego del aviso de vecinas y vecinos y la r\u00e1pida intervenci\u00f3n del personal de la comisar\u00eda local, asistieron al peque\u00f1o y lo trasladaron al hospital local para recibir atenci\u00f3n. Efectivos de la comisar\u00eda de Villa R\u00edo Bermejito fueron alertados, a trav\u00e9s de varios llamados de vecinas y vecinos del barrio CTI, que un beb\u00e9 se [&hellip;]<\/p>\n","protected":false},"author":1,"featured_media":19872,"comment_status":"closed","ping_status":"closed","sticky":false,"template":"","format":"standard","meta":{"footnotes":""},"categories":[6],"tags":[197],"class_list":{"0":"post-19871","1":"post","2":"type-post","3":"status-publish","4":"format-standard","5":"has-post-thumbnail","7":"category-chaco","8":"tag-destacada"},"_links":{"self":[{"href":"https:\/\/chacosintesis.com.ar\/index.php\/wp-json\/wp\/v2\/posts\/19871","targetHints":{"allow":["GET"]}}],"collection":[{"href":"https:\/\/chacosintesis.com.ar\/index.php\/wp-json\/wp\/v2\/posts"}],"about":[{"href":"https:\/\/chacosintesis.com.ar\/index.php\/wp-json\/wp\/v2\/types\/post"}],"author":[{"embeddable":true,"href":"https:\/\/chacosintesis.com.ar\/index.php\/wp-json\/wp\/v2\/users\/1"}],"replies":[{"embeddable":true,"href":"https:\/\/chacosintesis.com.ar\/index.php\/wp-json\/wp\/v2\/comments?post=19871"}],"version-history":[{"count":0,"href":"https:\/\/chacosintesis.com.ar\/index.php\/wp-json\/wp\/v2\/posts\/19871\/revisions"}],"wp:featuredmedia":[{"embeddable":true,"href":"https:\/\/chacosintesis.com.ar\/index.php\/wp-json\/wp\/v2\/media\/19872"}],"wp:attachment":[{"href":"https:\/\/chacosintesis.com.ar\/index.php\/wp-json\/wp\/v2\/media?parent=19871"}],"wp:term":[{"taxonomy":"category","embeddable":true,"href":"https:\/\/chacosintesis.com.ar\/index.php\/wp-json\/wp\/v2\/categories?post=19871"},{"taxonomy":"post_tag","embeddable":true,"href":"https:\/\/chacosintesis.com.ar\/index.php\/wp-json\/wp\/v2\/tags?post=19871"}],"curies":[{"name":"wp","href":"https:\/\/api.w.org\/{rel}","templated":true}]}}