{"id":19866,"date":"2023-02-28T13:06:00","date_gmt":"2023-02-28T16:06:00","guid":{"rendered":"https:\/\/chacosintesis.com.ar\/?p=19866"},"modified":"2023-03-19T18:32:37","modified_gmt":"2023-03-19T21:32:37","slug":"el-poder-legislativo-dara-inicio-al-55o-periodo-de-sesiones-ordinarias","status":"publish","type":"post","link":"https:\/\/chacosintesis.com.ar\/index.php\/el-poder-legislativo-dara-inicio-al-55o-periodo-de-sesiones-ordinarias\/","title":{"rendered":"El Poder Legislativo dar\u00e1 inicio al 55\u00ba per\u00edodo de sesiones ordinarias"},"content":{"rendered":"\n<p>Este mi\u00e9rcoles se realizar\u00e1, a partir de las 8, el inicio del 55\u00ba per\u00edodo de sesiones ordinarias del Poder Legislativo, en la sede de Brown 520, en la cual la presidenta Elida Cuesta recibir\u00e1 al gobernador Jorge Capitanich, quien brindar\u00e1 su discurso anual para inaugurar el a\u00f1o legislativo. Con la presencia de las y los legisladores de todos los bloques pol\u00edticos y funcionarios provinciales, el mensaje del mandatario ser\u00e1 transmitido por las plataformas digitales de la Legislatura chaque\u00f1a en YouTube, Facebook y la p\u00e1gina web oficial.<br>El recinto de sesiones Deolindo Felipe Bittel de la Casa de la Democracia ser\u00e1 escenario del discurso del mandatario provincial, quien expondr\u00e1 sobre el estado general de la administraci\u00f3n p\u00fablica provincial.<br>En este sentido, Cuesta augur\u00f3 un a\u00f1o parlamentario fruct\u00edfero en materia legislativa que tendr\u00e1 como prioridad las necesidades de las y los chaque\u00f1os. \u201cTenemos que trabajar en contacto directo y continuo con las y los ciudadanos, porque eso es lo que nos demandan. Trabajar juntos, sin bander\u00edas pol\u00edticas, esa debe ser la agenda del Poder Legislativo del Chaco con sus 32 diputadas y diputados\u201d, se\u00f1al\u00f3<\/p>\n","protected":false},"excerpt":{"rendered":"<p>Este mi\u00e9rcoles se realizar\u00e1, a partir de las 8, el inicio del 55\u00ba per\u00edodo de sesiones ordinarias del Poder Legislativo, en la sede de Brown 520, en la cual la presidenta Elida Cuesta recibir\u00e1 al gobernador Jorge Capitanich, quien brindar\u00e1 su discurso anual para inaugurar el a\u00f1o legislativo. Con la presencia de las y los [&hellip;]<\/p>\n","protected":false},"author":1,"featured_media":19867,"comment_status":"closed","ping_status":"closed","sticky":false,"template":"","format":"standard","meta":{"footnotes":""},"categories":[6],"tags":[202],"class_list":{"0":"post-19866","1":"post","2":"type-post","3":"status-publish","4":"format-standard","5":"has-post-thumbnail","7":"category-chaco","8":"tag-legislatura"},"_links":{"self":[{"href":"https:\/\/chacosintesis.com.ar\/index.php\/wp-json\/wp\/v2\/posts\/19866","targetHints":{"allow":["GET"]}}],"collection":[{"href":"https:\/\/chacosintesis.com.ar\/index.php\/wp-json\/wp\/v2\/posts"}],"about":[{"href":"https:\/\/chacosintesis.com.ar\/index.php\/wp-json\/wp\/v2\/types\/post"}],"author":[{"embeddable":true,"href":"https:\/\/chacosintesis.com.ar\/index.php\/wp-json\/wp\/v2\/users\/1"}],"replies":[{"embeddable":true,"href":"https:\/\/chacosintesis.com.ar\/index.php\/wp-json\/wp\/v2\/comments?post=19866"}],"version-history":[{"count":0,"href":"https:\/\/chacosintesis.com.ar\/index.php\/wp-json\/wp\/v2\/posts\/19866\/revisions"}],"wp:featuredmedia":[{"embeddable":true,"href":"https:\/\/chacosintesis.com.ar\/index.php\/wp-json\/wp\/v2\/media\/19867"}],"wp:attachment":[{"href":"https:\/\/chacosintesis.com.ar\/index.php\/wp-json\/wp\/v2\/media?parent=19866"}],"wp:term":[{"taxonomy":"category","embeddable":true,"href":"https:\/\/chacosintesis.com.ar\/index.php\/wp-json\/wp\/v2\/categories?post=19866"},{"taxonomy":"post_tag","embeddable":true,"href":"https:\/\/chacosintesis.com.ar\/index.php\/wp-json\/wp\/v2\/tags?post=19866"}],"curies":[{"name":"wp","href":"https:\/\/api.w.org\/{rel}","templated":true}]}}