{"id":19863,"date":"2023-02-27T13:21:00","date_gmt":"2023-02-27T16:21:00","guid":{"rendered":"https:\/\/chacosintesis.com.ar\/?p=19863"},"modified":"2023-03-19T18:29:26","modified_gmt":"2023-03-19T21:29:26","slug":"promocion-y-participacion-de-artistas-locales-la-ley-impulsada-por-cuesta-que-promociona-la-cultura-chaquena","status":"publish","type":"post","link":"https:\/\/chacosintesis.com.ar\/index.php\/promocion-y-participacion-de-artistas-locales-la-ley-impulsada-por-cuesta-que-promociona-la-cultura-chaquena\/","title":{"rendered":"Promoci\u00f3n y Participaci\u00f3n de Artistas Locales: la ley impulsada por Cuesta que promociona la cultura chaque\u00f1a"},"content":{"rendered":"\n<p>La normativa 3270-E, impulsada por la presidenta del Poder Legislativo Elida Cuesta, promueve e incentiva la cultura chaque\u00f1a al promocionar a artistas locales como bandas soporte o complementarias de espect\u00e1culos en vivo de m\u00fasicos nacionales o internacionales en el territorio provincial.<br>Seg\u00fan la normativa, se considera espect\u00e1culo todo acontecimiento destinado a la concurrencia de personas a lugares p\u00fablicos habilitados y a todas actividades afines como pe\u00f1as, festivales y festividades tradicionales.<br>Cuesta marc\u00f3 la importancia de promover la cultura local con una pol\u00edtica de Estado activa que promueva y estimule a las y los artistas locales. \u201cNosotros creemos que nuestra provincia est\u00e1 llena de grandes artistas que nos entretienen, alegran y generan una cultura propia que debemos resguardar y promover\u201d, manifest\u00f3 la titular legislativa.<br>Asimismo, resalt\u00f3 que la normativa plantea integrar a las actividades musicales otras expresiones art\u00edsticas para fortalecer las expresiones culturales en todas sus disciplinas. \u201cLos festivales, recitales o festividades tradicionales generan un \u00e1mbito importante para otras expresiones art\u00edsticas como el baile, la pintura o las esculturas. Eso tambi\u00e9n est\u00e1 contemplado en esta normativa\u201d, asegur\u00f3 la presidenta.<br>La Ley 3270-E establece tambi\u00e9n, por parte del Instituto de Cultura del Chaco, un registro de artistas locales de cada localidad y discriminados por g\u00e9neros musicales que ser\u00e1 elevado a cada productora para la selecci\u00f3n de las bandas soporte ante cada espect\u00e1culo.<\/p>\n","protected":false},"excerpt":{"rendered":"<p>La normativa 3270-E, impulsada por la presidenta del Poder Legislativo Elida Cuesta, promueve e incentiva la cultura chaque\u00f1a al promocionar a artistas locales como bandas soporte o complementarias de espect\u00e1culos en vivo de m\u00fasicos nacionales o internacionales en el territorio provincial.Seg\u00fan la normativa, se considera espect\u00e1culo todo acontecimiento destinado a la concurrencia de personas a [&hellip;]<\/p>\n","protected":false},"author":1,"featured_media":19864,"comment_status":"closed","ping_status":"closed","sticky":false,"template":"","format":"standard","meta":{"footnotes":""},"categories":[6],"tags":[202],"class_list":{"0":"post-19863","1":"post","2":"type-post","3":"status-publish","4":"format-standard","5":"has-post-thumbnail","7":"category-chaco","8":"tag-legislatura"},"_links":{"self":[{"href":"https:\/\/chacosintesis.com.ar\/index.php\/wp-json\/wp\/v2\/posts\/19863","targetHints":{"allow":["GET"]}}],"collection":[{"href":"https:\/\/chacosintesis.com.ar\/index.php\/wp-json\/wp\/v2\/posts"}],"about":[{"href":"https:\/\/chacosintesis.com.ar\/index.php\/wp-json\/wp\/v2\/types\/post"}],"author":[{"embeddable":true,"href":"https:\/\/chacosintesis.com.ar\/index.php\/wp-json\/wp\/v2\/users\/1"}],"replies":[{"embeddable":true,"href":"https:\/\/chacosintesis.com.ar\/index.php\/wp-json\/wp\/v2\/comments?post=19863"}],"version-history":[{"count":0,"href":"https:\/\/chacosintesis.com.ar\/index.php\/wp-json\/wp\/v2\/posts\/19863\/revisions"}],"wp:featuredmedia":[{"embeddable":true,"href":"https:\/\/chacosintesis.com.ar\/index.php\/wp-json\/wp\/v2\/media\/19864"}],"wp:attachment":[{"href":"https:\/\/chacosintesis.com.ar\/index.php\/wp-json\/wp\/v2\/media?parent=19863"}],"wp:term":[{"taxonomy":"category","embeddable":true,"href":"https:\/\/chacosintesis.com.ar\/index.php\/wp-json\/wp\/v2\/categories?post=19863"},{"taxonomy":"post_tag","embeddable":true,"href":"https:\/\/chacosintesis.com.ar\/index.php\/wp-json\/wp\/v2\/tags?post=19863"}],"curies":[{"name":"wp","href":"https:\/\/api.w.org\/{rel}","templated":true}]}}