{"id":19860,"date":"2023-02-26T12:14:00","date_gmt":"2023-02-26T15:14:00","guid":{"rendered":"https:\/\/chacosintesis.com.ar\/?p=19860"},"modified":"2023-03-19T18:26:38","modified_gmt":"2023-03-19T21:26:38","slug":"cuesta-nuestro-compromiso-con-el-pueblo-del-chaco-esta-mas-alla-de-las-coyunturas-electorales","status":"publish","type":"post","link":"https:\/\/chacosintesis.com.ar\/index.php\/cuesta-nuestro-compromiso-con-el-pueblo-del-chaco-esta-mas-alla-de-las-coyunturas-electorales\/","title":{"rendered":"Cuesta: &#8220;Nuestro compromiso con el pueblo del Chaco est\u00e1 m\u00e1s all\u00e1 de las coyunturas electorales&#8221;"},"content":{"rendered":"\n<p>En v\u00edsperas de la inauguraci\u00f3n del 55\u00b0 Per\u00edodo de Sesiones Ordinarias en el Poder Legislativo de Chaco, que se realizar\u00e1 este mi\u00e9rcoles 1 de marzo con discurso del gobernador Jorge Milton Capitanich, la presidenta del Cuerpo Legislativo Elida Cuesta, convoc\u00f3 a todos los bloques pol\u00edticos a trabajar dejando de lado las diferencias pol\u00edticas. &#8220;Nuestro compromiso con las y los chaque\u00f1os est\u00e1 m\u00e1s all\u00e1 de coyunturas electorales por lo que debemos trabajar juntos por el bienestar de la gente&#8221;, manifest\u00f3.<br>As\u00ed mismo, asegur\u00f3 tener las mejores expectativas con el mensaje del mandatario chaque\u00f1o. &#8220;Estamos expectantes de recibir a nuestro gobernador en la Casa de la Democracia y sabemos que este ser\u00e1 un a\u00f1o electoral con muchos desaf\u00edos y debemos estar a la altura de lo que demanda nuestro pueblo&#8221;, marc\u00f3.<br>Por otra parte, resalt\u00f3 que la legislatura chaque\u00f1a tiene una agenda de trabajo y una pol\u00edtica de Estado que pretende continuar. &#8220;Nosotros nos planteamos siempre estar cerca de la gente y lo hacemos saliendo de nuestra zona de confort visitando cada rinc\u00f3n de nuestro Chaco con el programa Sesionemos Juntos lo que nos permite pensar leyes que dan respuesta a las problem\u00e1ticas&#8221;, asegur\u00f3 la diputada.<br>Adem\u00e1s llam\u00f3 a respetar las disidencias y buscar los consensos necesarios. &#8220;Cada legislador y legisladora representa a la sociedad por lo que tenemos un profundo respeto por todos, lo que nos lleva a trabajar incansablemente por los consensos necesarios para aprobar cada Ley y ese es el camino que vamos a seguir&#8221;, recalc\u00f3.<br>Cabe destacar, que el evento ser\u00e1 transmitido en vivo por las plataformas YouTube, Facebook (Poder Legislativo del Chaco); Instagram (legislaturachaco); Twitter (@Plegischaco) y la p\u00e1gina oficial de la Casa de la Democracia (http:\/\/video.legislaturachaco.gov.ar\/).<\/p>\n","protected":false},"excerpt":{"rendered":"<p>En v\u00edsperas de la inauguraci\u00f3n del 55\u00b0 Per\u00edodo de Sesiones Ordinarias en el Poder Legislativo de Chaco, que se realizar\u00e1 este mi\u00e9rcoles 1 de marzo con discurso del gobernador Jorge Milton Capitanich, la presidenta del Cuerpo Legislativo Elida Cuesta, convoc\u00f3 a todos los bloques pol\u00edticos a trabajar dejando de lado las diferencias pol\u00edticas. &#8220;Nuestro compromiso [&hellip;]<\/p>\n","protected":false},"author":1,"featured_media":19861,"comment_status":"closed","ping_status":"closed","sticky":false,"template":"","format":"standard","meta":{"footnotes":""},"categories":[6],"tags":[202],"class_list":{"0":"post-19860","1":"post","2":"type-post","3":"status-publish","4":"format-standard","5":"has-post-thumbnail","7":"category-chaco","8":"tag-legislatura"},"_links":{"self":[{"href":"https:\/\/chacosintesis.com.ar\/index.php\/wp-json\/wp\/v2\/posts\/19860","targetHints":{"allow":["GET"]}}],"collection":[{"href":"https:\/\/chacosintesis.com.ar\/index.php\/wp-json\/wp\/v2\/posts"}],"about":[{"href":"https:\/\/chacosintesis.com.ar\/index.php\/wp-json\/wp\/v2\/types\/post"}],"author":[{"embeddable":true,"href":"https:\/\/chacosintesis.com.ar\/index.php\/wp-json\/wp\/v2\/users\/1"}],"replies":[{"embeddable":true,"href":"https:\/\/chacosintesis.com.ar\/index.php\/wp-json\/wp\/v2\/comments?post=19860"}],"version-history":[{"count":0,"href":"https:\/\/chacosintesis.com.ar\/index.php\/wp-json\/wp\/v2\/posts\/19860\/revisions"}],"wp:featuredmedia":[{"embeddable":true,"href":"https:\/\/chacosintesis.com.ar\/index.php\/wp-json\/wp\/v2\/media\/19861"}],"wp:attachment":[{"href":"https:\/\/chacosintesis.com.ar\/index.php\/wp-json\/wp\/v2\/media?parent=19860"}],"wp:term":[{"taxonomy":"category","embeddable":true,"href":"https:\/\/chacosintesis.com.ar\/index.php\/wp-json\/wp\/v2\/categories?post=19860"},{"taxonomy":"post_tag","embeddable":true,"href":"https:\/\/chacosintesis.com.ar\/index.php\/wp-json\/wp\/v2\/tags?post=19860"}],"curies":[{"name":"wp","href":"https:\/\/api.w.org\/{rel}","templated":true}]}}