{"id":19850,"date":"2023-02-22T13:32:00","date_gmt":"2023-02-22T16:32:00","guid":{"rendered":"https:\/\/chacosintesis.com.ar\/?p=19850"},"modified":"2023-03-19T18:17:56","modified_gmt":"2023-03-19T21:17:56","slug":"con-emotivo-homenaje-a-constanza-villacorta-el-poder-legislativo-acompano-los-carnavales-de-quitilipi","status":"publish","type":"post","link":"https:\/\/chacosintesis.com.ar\/index.php\/con-emotivo-homenaje-a-constanza-villacorta-el-poder-legislativo-acompano-los-carnavales-de-quitilipi\/","title":{"rendered":"Con emotivo homenaje a Constanza Villacorta, el Poder Legislativo acompa\u00f1\u00f3 los carnavales de Quitilipi"},"content":{"rendered":"\n<p>La presidenta del Poder Legislativo, Elida Cuesta, junto a las legisladoras Gricelda Ojeda y Silvina Canteros Reiser, particip\u00f3 de la \u00faltima noche de carnavales de Quitilipi, donde reconocieron a las comparsas Ara\u00ed, Irup\u00e9 y Marab\u00fa, y a sus elencos infantiles, por su trayectoria, esfuerzo y dedicaci\u00f3n en pos de esta fiesta popular.<br>El evento tuvo su momento emotivo cuando las legisladoras y el intendente local Ariel Lovey nombraron a la edici\u00f3n 2023 de carnaval con el nombre Constanza Villacorta, en homenaje a la reconocida bailarina de la comparsa Irupecitos fallecida en 2020, entregando la resoluci\u00f3n un\u00e1nime a sus padres.<br>Cuesta marc\u00f3 la importancia de estar juntos, a pesar de las diferencias pol\u00edticas, apoyando las fiestas populares y todos los eventos culturales de la provincia. \u201cQuiero agradecer a las y los legisladores porque sin ellos no podr\u00edamos estar presentes en cada pueblo reconociendo el esfuerzo de cada localidad por llevar un poco de alegr\u00eda a la gente\u201d, manifest\u00f3.<br>Adem\u00e1s, la titular legislativa destac\u00f3 la inclusi\u00f3n en la fiesta de Quitilipi manifestando que \u201cestos carnavales cuentan con la inclusi\u00f3n de las personas con discapacidad, un hecho muy importante porque demuestra la importancia que se le da a la integraci\u00f3n para que todas y todos podamos disfrutar de esta fiesta popular\u201d.<br>Por su parte, Ojeda se mostr\u00f3 entusiasmada por ser parte de esta celebraci\u00f3n y de estar al lado de la comunidad quitilipense. \u201cCompartir con toda esta gente y disfrutar de esta fiesta de carnaval es muy positivo y nos llena de alegr\u00eda. Acompa\u00f1amos a la presidenta en el reconocimiento a cada una de las comparsas de esta localidad y en toda la provincia\u201d, expres\u00f3 para luego agregar su felicitaci\u00f3n al municipio y a todos los funcionarios comunales por el esfuerzo para que esta celebraci\u00f3n pueda concretarse. \u201cTambi\u00e9n escuchamos a cada vecino y a cada familia sus problem\u00e1ticas para llevarlas a la C\u00e1mara y trabajar en lograr soluciones a cada problema planteado\u201d, afirm\u00f3 la diputada.<br>Apostar a la cultura es una pol\u00edtica de Estado<br>El intendente Ariel Lovey agradeci\u00f3 el acompa\u00f1amiento de las y los legisladores y recalc\u00f3 la importancia de vivir la alegr\u00eda junto al pueblo quitilipense. \u201cEs muy importante para nosotros vivir esta fiesta despu\u00e9s de dos a\u00f1os de pandemia e inaugurar nuestro cors\u00f3dromo, estamos contentos y agradecidos por el acompa\u00f1amiento de nuestros legisladores\u201d, manifest\u00f3.<br>Canteros Reiser resalt\u00f3 el acompa\u00f1amiento legislativo a estos carnavales. \u201cSon una tradici\u00f3n que no debemos perder, por lo que estoy muy contenta de participar de esta verdadera fiesta\u201d. Respecto a la inauguraci\u00f3n del cors\u00f3dromo, reconoci\u00f3 el esfuerzo y acompa\u00f1amiento del municipio para que sea una realidad. \u201cContar con un cors\u00f3dromo propio es un sue\u00f1o de muchos a\u00f1os de esta comunidad que lleva los corsos en la sangre\u201d, subray\u00f3<\/p>\n","protected":false},"excerpt":{"rendered":"<p>La presidenta del Poder Legislativo, Elida Cuesta, junto a las legisladoras Gricelda Ojeda y Silvina Canteros Reiser, particip\u00f3 de la \u00faltima noche de carnavales de Quitilipi, donde reconocieron a las comparsas Ara\u00ed, Irup\u00e9 y Marab\u00fa, y a sus elencos infantiles, por su trayectoria, esfuerzo y dedicaci\u00f3n en pos de esta fiesta popular.El evento tuvo su [&hellip;]<\/p>\n","protected":false},"author":1,"featured_media":19852,"comment_status":"closed","ping_status":"closed","sticky":false,"template":"","format":"standard","meta":{"footnotes":""},"categories":[6],"tags":[202],"class_list":{"0":"post-19850","1":"post","2":"type-post","3":"status-publish","4":"format-standard","5":"has-post-thumbnail","7":"category-chaco","8":"tag-legislatura"},"_links":{"self":[{"href":"https:\/\/chacosintesis.com.ar\/index.php\/wp-json\/wp\/v2\/posts\/19850","targetHints":{"allow":["GET"]}}],"collection":[{"href":"https:\/\/chacosintesis.com.ar\/index.php\/wp-json\/wp\/v2\/posts"}],"about":[{"href":"https:\/\/chacosintesis.com.ar\/index.php\/wp-json\/wp\/v2\/types\/post"}],"author":[{"embeddable":true,"href":"https:\/\/chacosintesis.com.ar\/index.php\/wp-json\/wp\/v2\/users\/1"}],"replies":[{"embeddable":true,"href":"https:\/\/chacosintesis.com.ar\/index.php\/wp-json\/wp\/v2\/comments?post=19850"}],"version-history":[{"count":0,"href":"https:\/\/chacosintesis.com.ar\/index.php\/wp-json\/wp\/v2\/posts\/19850\/revisions"}],"wp:featuredmedia":[{"embeddable":true,"href":"https:\/\/chacosintesis.com.ar\/index.php\/wp-json\/wp\/v2\/media\/19852"}],"wp:attachment":[{"href":"https:\/\/chacosintesis.com.ar\/index.php\/wp-json\/wp\/v2\/media?parent=19850"}],"wp:term":[{"taxonomy":"category","embeddable":true,"href":"https:\/\/chacosintesis.com.ar\/index.php\/wp-json\/wp\/v2\/categories?post=19850"},{"taxonomy":"post_tag","embeddable":true,"href":"https:\/\/chacosintesis.com.ar\/index.php\/wp-json\/wp\/v2\/tags?post=19850"}],"curies":[{"name":"wp","href":"https:\/\/api.w.org\/{rel}","templated":true}]}}