{"id":19847,"date":"2023-02-21T13:54:00","date_gmt":"2023-02-21T16:54:00","guid":{"rendered":"https:\/\/chacosintesis.com.ar\/?p=19847"},"modified":"2023-03-19T18:07:45","modified_gmt":"2023-03-19T21:07:45","slug":"carnavales-2023-son-el-orgullo-de-nuestra-cultura-chaquena-destaco-elida-cuesta","status":"publish","type":"post","link":"https:\/\/chacosintesis.com.ar\/index.php\/carnavales-2023-son-el-orgullo-de-nuestra-cultura-chaquena-destaco-elida-cuesta\/","title":{"rendered":"Carnavales 2023: &#8220;Son el orgullo de nuestra cultura chaque\u00f1a&#8221;, destac\u00f3 Elida Cuesta"},"content":{"rendered":"\n<p>En la \u00faltima noche de carnaval hubo gran despliegue carnestolendo en Fontana y Makall\u00e9 con el acompa\u00f1amiento de cientos de personas que disfrutaron de color, ritmo y mucha nieve en ambas localidades. En este marco, el evento fue destacado por las y los legisladores provinciales, quienes reconocieron a las murgas y comparsas que con mucho esfuerzo y dedicaci\u00f3n trabajaron para brindar los espect\u00e1culos. Participaron de estas verdaderas fiestas populares la presidenta del Poder Legislativo, Elida Cuesta; y las y los diputados Gricelda Ojeda, Nicol\u00e1s Slimel, Juan Carlos Ayala y Jessica Ayala, junto a los intendentes de Fontana y Makall\u00e9, Patricia Rodas y Marcelo Angione, respectivamente.<\/p>\n\n\n\n<p>&#8220;Son el orgullo de nuestra cultura chaque\u00f1a&#8221;, remarc\u00f3 la presidenta, al tiempo de reiterar el apoyo de la C\u00e1mara de Diputados a todas las expresiones art\u00edsticas y culturales que hacen grande al Chaco. &#8220;Esto hace que nuestra comunidad viva d\u00edas de alegr\u00eda y de disfrute despu\u00e9s de dos a\u00f1os dif\u00edciles. Reencontrarnos con la cercan\u00eda y la hermandad entre los pueblos es importante, porque estuvimos en varias localidades y vimos c\u00f3mo sus intendentes colaboraron entre s\u00ed para que los corsos sean posibles&#8221;, se\u00f1al\u00f3 la diputada.<br>Cuesta agreg\u00f3 tambi\u00e9n que &#8220;se ve el compromiso, el esfuerzo y el aporte de los municipios para que esto se pueda llevar adelante&#8221;.<\/p>\n\n\n\n<p>Para la diputada Jessica Ayala los hacedores culturales de cada localidad muestran la riqueza art\u00edstica que tiene la provincia y es por eso que &#8220;desde el Estado tenemos que estar presentes, con el apoyo permanente para replicarlo en m\u00e1s ni\u00f1as, ni\u00f1os y j\u00f3venes&#8221;. Asimismo, se\u00f1al\u00f3 que &#8220;el pueblo necesita de estos espacios, ya que considero que no existe una fiesta m\u00e1s popular que esta&#8221;.<\/p>\n\n\n\n<p>En tanto Juan Carlos Ayala expres\u00f3 que los corsos &#8220;son parte de nuestra cultura popular y participar es acompa\u00f1ar a las localidades que crecen y respetan las expresiones de su comunidad&#8221;. Coincidiendo con sus pares, el legislador destac\u00f3 a todos los que hicieron posible este gran despliegue, &#8220;por todo el movimiento econ\u00f3mico y social que significa para cada ciudad, ayudando adem\u00e1s a las y los emprendedores a vender sus productos&#8221;, afirm\u00f3.<\/p>\n\n\n\n<p>Una fiesta popular con la participaci\u00f3n de todas y todos<br>El intendente de Makall\u00e9 agradeci\u00f3 a las y los legisladores y manifest\u00f3 que &#8220;me parece muy importante que nuestros representantes est\u00e9n junto a los ciudadanos porque esto no lo ve\u00edamos hace un tiempo&#8221;. En cuanto a la movida carnestoleda, Angione remarc\u00f3 que la idea es que todos participen, que se involucren, y por eso &#8220;pusimos mucha fuerza e hicimos hincapi\u00e9 en que todos los vecinos se integren a cada una de las comparsas&#8221;.<\/p>\n\n\n\n<p>Finalmente, la intendenta de Fontana demostr\u00f3 su satisfacci\u00f3n por el nivel de organizaci\u00f3n de los corsos y resalt\u00f3 la presencia de las y los legisladores en el evento. &#8220;A pesar de que hubo un poco de fr\u00edo la gente asisti\u00f3 igual a divertirse. Agradezco la visita de la presidenta Eli Cuesta y los diputados por su amabilidad y el reconocimiento&#8221;, remarc\u00f3 Rodas para luego agregar que &#8220;me siento muy feliz de concretar este carnaval popular que hace dos a\u00f1os no se realizaba e ir por m\u00e1s, ya que esto es lo que le gusta a la gente&#8221;.<\/p>\n","protected":false},"excerpt":{"rendered":"<p>En la \u00faltima noche de carnaval hubo gran despliegue carnestolendo en Fontana y Makall\u00e9 con el acompa\u00f1amiento de cientos de personas que disfrutaron de color, ritmo y mucha nieve en ambas localidades. En este marco, el evento fue destacado por las y los legisladores provinciales, quienes reconocieron a las murgas y comparsas que con mucho [&hellip;]<\/p>\n","protected":false},"author":1,"featured_media":19848,"comment_status":"closed","ping_status":"closed","sticky":false,"template":"","format":"standard","meta":{"footnotes":""},"categories":[6],"tags":[202],"class_list":{"0":"post-19847","1":"post","2":"type-post","3":"status-publish","4":"format-standard","5":"has-post-thumbnail","7":"category-chaco","8":"tag-legislatura"},"_links":{"self":[{"href":"https:\/\/chacosintesis.com.ar\/index.php\/wp-json\/wp\/v2\/posts\/19847","targetHints":{"allow":["GET"]}}],"collection":[{"href":"https:\/\/chacosintesis.com.ar\/index.php\/wp-json\/wp\/v2\/posts"}],"about":[{"href":"https:\/\/chacosintesis.com.ar\/index.php\/wp-json\/wp\/v2\/types\/post"}],"author":[{"embeddable":true,"href":"https:\/\/chacosintesis.com.ar\/index.php\/wp-json\/wp\/v2\/users\/1"}],"replies":[{"embeddable":true,"href":"https:\/\/chacosintesis.com.ar\/index.php\/wp-json\/wp\/v2\/comments?post=19847"}],"version-history":[{"count":0,"href":"https:\/\/chacosintesis.com.ar\/index.php\/wp-json\/wp\/v2\/posts\/19847\/revisions"}],"wp:featuredmedia":[{"embeddable":true,"href":"https:\/\/chacosintesis.com.ar\/index.php\/wp-json\/wp\/v2\/media\/19848"}],"wp:attachment":[{"href":"https:\/\/chacosintesis.com.ar\/index.php\/wp-json\/wp\/v2\/media?parent=19847"}],"wp:term":[{"taxonomy":"category","embeddable":true,"href":"https:\/\/chacosintesis.com.ar\/index.php\/wp-json\/wp\/v2\/categories?post=19847"},{"taxonomy":"post_tag","embeddable":true,"href":"https:\/\/chacosintesis.com.ar\/index.php\/wp-json\/wp\/v2\/tags?post=19847"}],"curies":[{"name":"wp","href":"https:\/\/api.w.org\/{rel}","templated":true}]}}