{"id":19838,"date":"2023-03-18T15:45:32","date_gmt":"2023-03-18T18:45:32","guid":{"rendered":"https:\/\/chacosintesis.com.ar\/?p=19838"},"modified":"2023-03-18T21:36:47","modified_gmt":"2023-03-19T00:36:47","slug":"incendio-en-la-clinica-santa-maria-de-saenz-pena-no-se-lamentaron-heridos","status":"publish","type":"post","link":"https:\/\/chacosintesis.com.ar\/index.php\/incendio-en-la-clinica-santa-maria-de-saenz-pena-no-se-lamentaron-heridos\/","title":{"rendered":"Incendio en la Cl\u00ednica Santa Mar\u00eda de S\u00e1enz Pe\u00f1a: no se lamentaron heridos"},"content":{"rendered":"<p>Cerca de las 17 horas de este s\u00e1bado se dio aviso al cuerpo de bomberos de la ciudad termal, para que acudan a la brevedad a la Cl\u00ednica Santa Mar\u00eda, que se encontraba bajo gran cantidad de humo.<\/p>\n<p>Sobre calle 14 y 5 centro, de la localidad de Presidencia Roque S\u00e1enz Pe\u00f1a, se constat\u00f3 un incendio en la parte superior del edificio, donde se encontraba la Oficina de Administraci\u00f3n, del cual se pudo saber que el aire acondicionado de 6000 frigor\u00edas se consumi\u00f3 por completo por la radicaci\u00f3n del fuego.<\/p>\n<p>Personal de la Divisi\u00f3n Bomberos se avocaron a las tareas espec\u00edficas para sofocar el fuego.<\/p>\n<p>Desde el cuerpo se entrevistaron con el gerente general del lugar y se\u00f1al\u00f3 que debido a la gran cantidad de humo se realiz\u00f3 la evacuaci\u00f3n de las personas internadas que pod\u00edan haber sido afectadas en su integridad f\u00edsica.<\/p>\n<p>Ninguna personas se vio afectada por el fuego o sus consecuencias, asimismo manifest\u00f3 que en el d\u00eda de ayer llevaron a cabo el mantenimiento del aire acondicionado central.<\/p>\n<p>Diario22.ar<\/p>\n","protected":false},"excerpt":{"rendered":"<p>Cerca de las 17 horas de este s\u00e1bado se dio aviso al cuerpo de bomberos de la ciudad termal, para que acudan a la brevedad a la Cl\u00ednica Santa Mar\u00eda, que se encontraba bajo gran cantidad de humo. Sobre calle 14 y 5 centro, de la localidad de Presidencia Roque S\u00e1enz Pe\u00f1a, se constat\u00f3 un [&hellip;]<\/p>\n","protected":false},"author":1,"featured_media":19839,"comment_status":"closed","ping_status":"closed","sticky":false,"template":"","format":"standard","meta":{"footnotes":""},"categories":[6],"tags":[],"class_list":{"0":"post-19838","1":"post","2":"type-post","3":"status-publish","4":"format-standard","5":"has-post-thumbnail","7":"category-chaco"},"_links":{"self":[{"href":"https:\/\/chacosintesis.com.ar\/index.php\/wp-json\/wp\/v2\/posts\/19838","targetHints":{"allow":["GET"]}}],"collection":[{"href":"https:\/\/chacosintesis.com.ar\/index.php\/wp-json\/wp\/v2\/posts"}],"about":[{"href":"https:\/\/chacosintesis.com.ar\/index.php\/wp-json\/wp\/v2\/types\/post"}],"author":[{"embeddable":true,"href":"https:\/\/chacosintesis.com.ar\/index.php\/wp-json\/wp\/v2\/users\/1"}],"replies":[{"embeddable":true,"href":"https:\/\/chacosintesis.com.ar\/index.php\/wp-json\/wp\/v2\/comments?post=19838"}],"version-history":[{"count":0,"href":"https:\/\/chacosintesis.com.ar\/index.php\/wp-json\/wp\/v2\/posts\/19838\/revisions"}],"wp:featuredmedia":[{"embeddable":true,"href":"https:\/\/chacosintesis.com.ar\/index.php\/wp-json\/wp\/v2\/media\/19839"}],"wp:attachment":[{"href":"https:\/\/chacosintesis.com.ar\/index.php\/wp-json\/wp\/v2\/media?parent=19838"}],"wp:term":[{"taxonomy":"category","embeddable":true,"href":"https:\/\/chacosintesis.com.ar\/index.php\/wp-json\/wp\/v2\/categories?post=19838"},{"taxonomy":"post_tag","embeddable":true,"href":"https:\/\/chacosintesis.com.ar\/index.php\/wp-json\/wp\/v2\/tags?post=19838"}],"curies":[{"name":"wp","href":"https:\/\/api.w.org\/{rel}","templated":true}]}}