{"id":19834,"date":"2023-03-18T09:38:54","date_gmt":"2023-03-18T12:38:54","guid":{"rendered":"https:\/\/chacosintesis.com.ar\/?p=19834"},"modified":"2023-03-18T10:06:59","modified_gmt":"2023-03-18T13:06:59","slug":"el-complejo-cultural-guido-miranda-inauguro-moderna-infraestructura-y-retoma-su-lugar-como-centro-gestor-referencia-del-norte-grande","status":"publish","type":"post","link":"https:\/\/chacosintesis.com.ar\/index.php\/el-complejo-cultural-guido-miranda-inauguro-moderna-infraestructura-y-retoma-su-lugar-como-centro-gestor-referencia-del-norte-grande\/","title":{"rendered":"El Complejo Cultural \u201cGuido Miranda\u201d inaugur\u00f3 moderna infraestructura y retoma su lugar como centro gestor referencia del Norte Grande"},"content":{"rendered":"<p>El gobernador asegur\u00f3 que esta inversi\u00f3n forma parte de \u201cun plan de infraestructura de 25 centros culturales durante todas nuestras administraciones\u201d y que, \u201clas intervenciones son m\u00faltiples\u201d para el desarrollo y crecimiento de la cultura en la provincia.<\/p>\n<p>El Complejo Cultural \u201cGuido Miranda\u201d reinaugur\u00f3 sus instalaciones luego de tres a\u00f1os de intervenciones y una importante inversi\u00f3n del gobierno provincial. La intervenci\u00f3n propuesta, consta principalmente de refacciones en el interior del conjunto (oficinas administrativas, teatro, microcine y espacios de servicio), con la finalidad de revalorizar un punto de gran relevancia para la cultura de Resistencia, moderniz\u00e1ndolo a fin de generar una m\u00e1xima eficiencia para las demandas actuales y lograr as\u00ed, que el Complejo Cultural vuelva a ser capaz de albergar puestas en escena de gran calidad.<br \/>\nLa obra inaugural de esta nueva etapa fue multipremiada Habitaci\u00f3n Macbeth, dirigida y protagonizada por Pompeyo Audivert (versi\u00f3n para un actor) sobre Macbeth de W. Shakespeare.<br \/>\nEl gobernador Capitanich, quien particip\u00f3 de la inauguraci\u00f3n, asegur\u00f3 que \u201cvamos a recuperar un espacio muy importante para los espect\u00e1culos art\u00edsticos, musicales y teatrales como as\u00ed tambi\u00e9n la agenda cinematogr\u00e1fica\u201d y explic\u00f3 que la obra \u201cforma parte de un plan de infraestructura de 25 centros culturales durante todas nuestras administraciones: como la Casa de las Culturas, el Museo Schulz -que se inaugurar\u00e1 en julio -, los espacios del Bicentenario (como el de Machagai y Villa \u00c1ngela) y el Museo G\u00f3mez Lollo. Son m\u00faltiples las intervenciones que hacemos para el desarrollo y crecimiento de la cultura\u201d, asegur\u00f3 el mandatario provincial. La inversi\u00f3n total del gobierno de la provincia fue de $109.473.350,71 en tres etapas, a trav\u00e9s de la empresa Construcciones Chaque\u00f1as.<br \/>\nAdem\u00e1s del gobernador Jorge Capitanich; asistieron la vicegobernadora Anal\u00eda Rach Quiroga; el ministro de Planificaci\u00f3n, Econom\u00eda e Infraestructura Santiago P\u00e9rez Pons, Francisco \u201cTete\u201d Romero, presiente del Instituto de Cultura del Chaco y Gabriela Avalos, coordinadora del Complejo Provincial Guido Miranda. Por el Ministerio de Cultura de la Naci\u00f3n, Lucrecia Cardozo, secretaria de Desarrollo Cultural y Gustavo Romero, Director del Consejo Federal de Cultura.<br \/>\n Qu\u00e9 propuestas ofrecer\u00e1 el Complejo<br \/>\nPara la concreci\u00f3n de la agenda planificaron una programaci\u00f3n gradual, abierta, incluyente de proyectos que surjan de convocatorias para la realizaci\u00f3n de ciclos, encuentros, festivales y eventos culturales que vinculen propuestas desde perspectivas de pluralidad e interculturalidad, g\u00e9nero, diversidades, disidencias, minor\u00edas y accesibilidad, impulsando el desarrollo de pensamientos y pr\u00e1cticas que generen transformaciones por medio de las artes esc\u00e9nicas.<br \/>\nSobre el Guido Miranda<br \/>\nEl Complejo Cultural Guido Miranda, ubicado en el patrimonial edificio donde funcion\u00f3 el antiguo Cine Teatro SEP signific\u00f3, desde su recuperaci\u00f3n en el a\u00f1o 1997 como espacio cultural, la concreci\u00f3n de un anhelo de toda la comunidad chaque\u00f1a de poder contar con una sala provincial para el desarrollo de las artes esc\u00e9nicas. En este sentido, \u201cEl Guido\u201d se convirti\u00f3 en un espacio fundamental para el desarrollo de m\u00faltiples expresiones art\u00edsticas con un alto grado de incidencia en la labor cultural, con un manifiesto sentido de pertenencia y cuya importancia emblem\u00e1tica lo fue consolidando como uno de los principales centros gestores de producciones art\u00edsticas del NEA y del Norte Grande.<br \/>\n\u201cEl Guido\u201d fue el escenario de grandes hitos referenciales a lo largo de sus 25 a\u00f1os de historia institucional, pero tambi\u00e9n import\u00f3 en su gesti\u00f3n como organismo estatal, la consideraci\u00f3n permanente de las din\u00e1micas fluctuantes en relaci\u00f3n al v\u00ednculo con la sociedad, con las comunidades, las diferentes audiencias y los nuevos paradigmas est\u00e9ticos por abordar desde la escena diversa, en funci\u00f3n a la implementaci\u00f3n de pol\u00edticas culturales basadas en la igualdad de oportunidades y de crecimientos comunes por medio del arte.<\/p>\n","protected":false},"excerpt":{"rendered":"<p>El gobernador asegur\u00f3 que esta inversi\u00f3n forma parte de \u201cun plan de infraestructura de 25 centros culturales durante todas nuestras administraciones\u201d y que, \u201clas intervenciones son m\u00faltiples\u201d para el desarrollo y crecimiento de la cultura en la provincia. El Complejo Cultural \u201cGuido Miranda\u201d reinaugur\u00f3 sus instalaciones luego de tres a\u00f1os de intervenciones y una importante [&hellip;]<\/p>\n","protected":false},"author":1,"featured_media":19835,"comment_status":"closed","ping_status":"closed","sticky":false,"template":"","format":"standard","meta":{"footnotes":""},"categories":[6],"tags":[],"class_list":{"0":"post-19834","1":"post","2":"type-post","3":"status-publish","4":"format-standard","5":"has-post-thumbnail","7":"category-chaco"},"_links":{"self":[{"href":"https:\/\/chacosintesis.com.ar\/index.php\/wp-json\/wp\/v2\/posts\/19834","targetHints":{"allow":["GET"]}}],"collection":[{"href":"https:\/\/chacosintesis.com.ar\/index.php\/wp-json\/wp\/v2\/posts"}],"about":[{"href":"https:\/\/chacosintesis.com.ar\/index.php\/wp-json\/wp\/v2\/types\/post"}],"author":[{"embeddable":true,"href":"https:\/\/chacosintesis.com.ar\/index.php\/wp-json\/wp\/v2\/users\/1"}],"replies":[{"embeddable":true,"href":"https:\/\/chacosintesis.com.ar\/index.php\/wp-json\/wp\/v2\/comments?post=19834"}],"version-history":[{"count":0,"href":"https:\/\/chacosintesis.com.ar\/index.php\/wp-json\/wp\/v2\/posts\/19834\/revisions"}],"wp:featuredmedia":[{"embeddable":true,"href":"https:\/\/chacosintesis.com.ar\/index.php\/wp-json\/wp\/v2\/media\/19835"}],"wp:attachment":[{"href":"https:\/\/chacosintesis.com.ar\/index.php\/wp-json\/wp\/v2\/media?parent=19834"}],"wp:term":[{"taxonomy":"category","embeddable":true,"href":"https:\/\/chacosintesis.com.ar\/index.php\/wp-json\/wp\/v2\/categories?post=19834"},{"taxonomy":"post_tag","embeddable":true,"href":"https:\/\/chacosintesis.com.ar\/index.php\/wp-json\/wp\/v2\/tags?post=19834"}],"curies":[{"name":"wp","href":"https:\/\/api.w.org\/{rel}","templated":true}]}}