{"id":19814,"date":"2023-03-17T21:28:48","date_gmt":"2023-03-18T00:28:48","guid":{"rendered":"https:\/\/chacosintesis.com.ar\/?p=19814"},"modified":"2023-03-18T09:32:48","modified_gmt":"2023-03-18T12:32:48","slug":"peche-y-cipolini-presentaron-la-precandidatura-a-gobernador-de-juan-carlos-polini","status":"publish","type":"post","link":"https:\/\/chacosintesis.com.ar\/index.php\/peche-y-cipolini-presentaron-la-precandidatura-a-gobernador-de-juan-carlos-polini\/","title":{"rendered":"Peche y Cipolini presentaron la precandidatura a gobernador de Juan Carlos Polini"},"content":{"rendered":"\n<p>En el marco de una masiva presencia de dirigentes y militantes radicales y de los<br>partidos que componen Juntos por el Cambio, representantes de Franja Morada,<br>organizaciones gremiales, comunidades originarias, referentes del sector p\u00fablico y<br>privado, el presidente del interbloque de diputados de la UCR, Carim Peche junto al<br>intendente de Presidencia Roque S\u00e1enz Pe\u00f1a, Bruno Cipolini, presentaron<br>oficialmente la precandidatura del empresario, farmac\u00e9utico y productor agropecuario<br>Juan Carlos Polini a la gobernaci\u00f3n del Chaco. El encuentro cont\u00f3 con el<br>acompa\u00f1amiento del ex gobernador y presidente de UCR-Convergencia Social Angel<br>Rozas, el senador nacional V\u00edctor Zimmermann, el diputado nacional Gerardo Cipolini,<br>legisladores provinciales, los intendentes Ariel Lovey de Quitilipi, Omar Machuca de<br>Las Bre\u00f1as, Ladislao Perduk de Tres Isletas, Glenda Seifert de Pampa del Infierno,<br>Jorge Frank de Miraflores, Oscar Dalmasso de Coronel Du Graty, Gladys Piccilli de<br>Pampa Almir\u00f3n, Alcides P\u00e9rez de El Sauzalito, Vicente Gonz\u00e1lez de Misi\u00f3n Nueva<br>Pompeya, V\u00edctor Armella de Las Palmas, Ra\u00fal Maldonado de Concepci\u00f3n del Bermejo,<br>Humberto Rodr\u00edguez de Cote Lai, Juan de la Cruz Riquelme de Laguna Limpia,<br>concejales,<\/p>\n\n\n\n<figure class=\"wp-block-image size-large\"><img decoding=\"async\" src=\"data:image\/gif;base64,R0lGODlhAQABAIAAAAAAAP\/\/\/ywAAAAAAQABAAACAUwAOw==\" fifu-lazy=\"1\" fifu-data-sizes=\"auto\" fifu-data-srcset=\"https:\/\/i3.wp.com\/chacosintesis.com.ar\/wp-content\/uploads\/2023\/03\/POLINI-2-1024x683.jpeg?ssl=1&w=75&resize=75&ssl=1 75w, https:\/\/i3.wp.com\/chacosintesis.com.ar\/wp-content\/uploads\/2023\/03\/POLINI-2-1024x683.jpeg?ssl=1&w=100&resize=100&ssl=1 100w, https:\/\/i3.wp.com\/chacosintesis.com.ar\/wp-content\/uploads\/2023\/03\/POLINI-2-1024x683.jpeg?ssl=1&w=150&resize=150&ssl=1 150w, https:\/\/i3.wp.com\/chacosintesis.com.ar\/wp-content\/uploads\/2023\/03\/POLINI-2-1024x683.jpeg?ssl=1&w=240&resize=240&ssl=1 240w, https:\/\/i3.wp.com\/chacosintesis.com.ar\/wp-content\/uploads\/2023\/03\/POLINI-2-1024x683.jpeg?ssl=1&w=320&resize=320&ssl=1 320w, https:\/\/i3.wp.com\/chacosintesis.com.ar\/wp-content\/uploads\/2023\/03\/POLINI-2-1024x683.jpeg?ssl=1&w=500&resize=500&ssl=1 500w, https:\/\/i3.wp.com\/chacosintesis.com.ar\/wp-content\/uploads\/2023\/03\/POLINI-2-1024x683.jpeg?ssl=1&w=640&resize=640&ssl=1 640w, https:\/\/i3.wp.com\/chacosintesis.com.ar\/wp-content\/uploads\/2023\/03\/POLINI-2-1024x683.jpeg?ssl=1&w=800&resize=800&ssl=1 800w, https:\/\/i3.wp.com\/chacosintesis.com.ar\/wp-content\/uploads\/2023\/03\/POLINI-2-1024x683.jpeg?ssl=1&w=1024&resize=1024&ssl=1 1024w, https:\/\/i3.wp.com\/chacosintesis.com.ar\/wp-content\/uploads\/2023\/03\/POLINI-2-1024x683.jpeg?ssl=1&w=1280&resize=1280&ssl=1 1280w, https:\/\/i3.wp.com\/chacosintesis.com.ar\/wp-content\/uploads\/2023\/03\/POLINI-2-1024x683.jpeg?ssl=1&w=1600&resize=1600&ssl=1 1600w\" fifu-data-src=\"https:\/\/i3.wp.com\/chacosintesis.com.ar\/wp-content\/uploads\/2023\/03\/POLINI-2-1024x683.jpeg?ssl=1\" alt=\"\" class=\"wp-image-19816\"\/><\/figure>\n\n\n\n<p><br>La concejal local Claudia Cabrera fue la encargada de dar la apertura remarcando la<br>necesidad de liderar el cambio que el Chaco necesita \u201cA partir del 10 de diciembre el<br>dinero de los chaque\u00f1os se ver\u00e1 reflejado en mejor salud, mejor educaci\u00f3n, m\u00e1s<br>seguridad, agua potable, cloacas, despu\u00e9s de muchos a\u00f1os tendremos un programa<br>de gobierno serio\u201d<\/p>\n\n\n\n<p><br>Glenda Seifert: \u201cPolini es el hombre distinto\u201d<\/p>\n\n\n\n<p><br>La intendente de Pampa del Infierno, Glenda Seifert \u201cEstamos convencidos que<br>necesitamos un Chaco distinto, para llevarlo adelante es necesario una persona<br>distinta, que venga del trabajo, que sepa lo que es pagar un sueldo a fin de mes, que<br>sabe de los perjuicios que ocasionan los cortes de luz en sus empresas, ese hombre<br>distinto es Juan Carlos Polini, tenemos un gran Chaco, rico, que produce, que exporta,<br>sin embargo seguimos siendo pobres, no importa de que partido vengamos sino que<br>todos tengamos estas mismas ganas de cambiar este Chaco\u201d<\/p>\n\n\n\n<p><br>Angel Rozas: \u201cChaco puede cambiar si Juan Carlos es el pr\u00f3ximo gobernador\u201d<\/p>\n\n\n\n<p><br>El ex gobernador Angel Rozas puso como ejemplo la transformaci\u00f3n de Jujuy \u201cEra<br>una provincia inviable, la \u00fanica alternativa era ser empelado p\u00fablico, un enorme d\u00e9ficit<br>fiscal, pasaron 6 a\u00f1os y no se puede creer el cambio, y en Chaco podemos hacer lo<br>mismo si Juan CArlos es el pr\u00f3ximo gobernador, hoy tienen super\u00e1vit fiscal, 800<br>hect\u00e1reas de paneles de energ\u00eda solar, producen cannabis medicinal y litio, despu\u00e9s<br>de la Ciudad de Buenos Aires Jujuy es la provincia con mayor mano de obra en<br>construcci\u00f3n, los radicales con los amigos de Juntos por el Cambio debemos<br>ponernos espalda con espalda a trabajar y pedir que acompa\u00f1en un cambio profundo<br>en el Chaco\u201d<\/p>\n\n\n\n<figure class=\"wp-block-image size-large\"><img decoding=\"async\" src=\"data:image\/gif;base64,R0lGODlhAQABAIAAAAAAAP\/\/\/ywAAAAAAQABAAACAUwAOw==\" fifu-lazy=\"1\" fifu-data-sizes=\"auto\" fifu-data-srcset=\"https:\/\/i2.wp.com\/chacosintesis.com.ar\/wp-content\/uploads\/2023\/03\/POLINI-1-1-1024x682.jpeg?ssl=1&w=75&resize=75&ssl=1 75w, https:\/\/i2.wp.com\/chacosintesis.com.ar\/wp-content\/uploads\/2023\/03\/POLINI-1-1-1024x682.jpeg?ssl=1&w=100&resize=100&ssl=1 100w, https:\/\/i2.wp.com\/chacosintesis.com.ar\/wp-content\/uploads\/2023\/03\/POLINI-1-1-1024x682.jpeg?ssl=1&w=150&resize=150&ssl=1 150w, https:\/\/i2.wp.com\/chacosintesis.com.ar\/wp-content\/uploads\/2023\/03\/POLINI-1-1-1024x682.jpeg?ssl=1&w=240&resize=240&ssl=1 240w, https:\/\/i2.wp.com\/chacosintesis.com.ar\/wp-content\/uploads\/2023\/03\/POLINI-1-1-1024x682.jpeg?ssl=1&w=320&resize=320&ssl=1 320w, https:\/\/i2.wp.com\/chacosintesis.com.ar\/wp-content\/uploads\/2023\/03\/POLINI-1-1-1024x682.jpeg?ssl=1&w=500&resize=500&ssl=1 500w, https:\/\/i2.wp.com\/chacosintesis.com.ar\/wp-content\/uploads\/2023\/03\/POLINI-1-1-1024x682.jpeg?ssl=1&w=640&resize=640&ssl=1 640w, https:\/\/i2.wp.com\/chacosintesis.com.ar\/wp-content\/uploads\/2023\/03\/POLINI-1-1-1024x682.jpeg?ssl=1&w=800&resize=800&ssl=1 800w, https:\/\/i2.wp.com\/chacosintesis.com.ar\/wp-content\/uploads\/2023\/03\/POLINI-1-1-1024x682.jpeg?ssl=1&w=1024&resize=1024&ssl=1 1024w, https:\/\/i2.wp.com\/chacosintesis.com.ar\/wp-content\/uploads\/2023\/03\/POLINI-1-1-1024x682.jpeg?ssl=1&w=1280&resize=1280&ssl=1 1280w, https:\/\/i2.wp.com\/chacosintesis.com.ar\/wp-content\/uploads\/2023\/03\/POLINI-1-1-1024x682.jpeg?ssl=1&w=1600&resize=1600&ssl=1 1600w\" fifu-data-src=\"https:\/\/i2.wp.com\/chacosintesis.com.ar\/wp-content\/uploads\/2023\/03\/POLINI-1-1-1024x682.jpeg?ssl=1\" alt=\"\" class=\"wp-image-19817\"\/><\/figure>\n\n\n\n<p><br>\u201cCapitanich con aciertos y desaciertos cumpli\u00f3 un ciclo, hay que empezar una etapa<br>distinta, pocas veces se hizo tanta obra p\u00fablica en la provincia, pero pocas veces hubo<\/p>\n\n\n\n<p>tanta gente enojada, eso pasa porque no hay prioridades en las asignaciones p\u00fablicas,<br>hacen hospitales de mas de $100 millones pero al otro d\u00eda cuando la gente va a<br>atenderse no hay insumos ni medicamentos\u201d<\/p>\n\n\n\n<p><br>\u201cHay que acompa\u00f1ar a Juan Carlos porque es una persona distinta, proviene de la<br>actividad privada, es farmac\u00e9utico, empresario, productor, sabe administrar con<br>prudencia, responsabilidad y prioridades, as\u00ed como se hizo en Jujuy hay que cambiar<br>la matriz productiva en el Chaco, acompa\u00f1ar al sector privado, sacarles el pie de la<br>cabeza con los impuestos porque son ellos los que generan trabajo,<\/p>\n\n\n\n<p><br>Gerardo Cipolini: \u201cJuan Carlos Polini ha sembrado el camino del cambio\u201d<\/p>\n\n\n\n<p><br>\u201cEstamos proclamando la candidatura de Juan Carlos Polini porque Chaco no aguanta<br>m\u00e1s, hace 15 a\u00f1os que gobierna el peronismo y somos la provincia mas pobre, y me<br>indigna, porque Chaco es rica, su gente es trabajadora, emprendedora, pero hay un<br>gobierno al que no le interesa la gente, la educaci\u00f3n es un desastre, la salud es un<br>desastre, la seguridad p\u00fablica es un desastre, los servicios son un desastre, la gesti\u00f3n<br>de Juan Carlos va a ser limpia y transparente que es lo que le falta al Chaco, un<br>hombre del sector privado, capaz, lo ha demostrado como intendente y ha sembrado<br>el camino para que todos creamos que el cambio necesario lo lograr\u00e1 Juan Carlos<br>Polini, no tengo dudas que en las pr\u00f3ximas elecciones ser\u00e1 el nuevo gobernador del<br>Chaco, S\u00e1enz Pe\u00f1a acompa\u00f1a\u201d<\/p>\n\n\n\n<figure class=\"wp-block-gallery has-nested-images columns-default is-cropped wp-block-gallery-1 is-layout-flex wp-block-gallery-is-layout-flex\">\n<figure class=\"wp-block-image size-large\"><img decoding=\"async\" src=\"data:image\/gif;base64,R0lGODlhAQABAIAAAAAAAP\/\/\/ywAAAAAAQABAAACAUwAOw==\" fifu-lazy=\"1\" fifu-data-sizes=\"auto\" fifu-data-srcset=\"https:\/\/i3.wp.com\/chacosintesis.com.ar\/wp-content\/uploads\/2023\/03\/WhatsApp-Image-2023-03-17-at-21.52.43-1024x768.jpeg?ssl=1&w=75&resize=75&ssl=1 75w, https:\/\/i3.wp.com\/chacosintesis.com.ar\/wp-content\/uploads\/2023\/03\/WhatsApp-Image-2023-03-17-at-21.52.43-1024x768.jpeg?ssl=1&w=100&resize=100&ssl=1 100w, https:\/\/i3.wp.com\/chacosintesis.com.ar\/wp-content\/uploads\/2023\/03\/WhatsApp-Image-2023-03-17-at-21.52.43-1024x768.jpeg?ssl=1&w=150&resize=150&ssl=1 150w, https:\/\/i3.wp.com\/chacosintesis.com.ar\/wp-content\/uploads\/2023\/03\/WhatsApp-Image-2023-03-17-at-21.52.43-1024x768.jpeg?ssl=1&w=240&resize=240&ssl=1 240w, https:\/\/i3.wp.com\/chacosintesis.com.ar\/wp-content\/uploads\/2023\/03\/WhatsApp-Image-2023-03-17-at-21.52.43-1024x768.jpeg?ssl=1&w=320&resize=320&ssl=1 320w, https:\/\/i3.wp.com\/chacosintesis.com.ar\/wp-content\/uploads\/2023\/03\/WhatsApp-Image-2023-03-17-at-21.52.43-1024x768.jpeg?ssl=1&w=500&resize=500&ssl=1 500w, https:\/\/i3.wp.com\/chacosintesis.com.ar\/wp-content\/uploads\/2023\/03\/WhatsApp-Image-2023-03-17-at-21.52.43-1024x768.jpeg?ssl=1&w=640&resize=640&ssl=1 640w, https:\/\/i3.wp.com\/chacosintesis.com.ar\/wp-content\/uploads\/2023\/03\/WhatsApp-Image-2023-03-17-at-21.52.43-1024x768.jpeg?ssl=1&w=800&resize=800&ssl=1 800w, https:\/\/i3.wp.com\/chacosintesis.com.ar\/wp-content\/uploads\/2023\/03\/WhatsApp-Image-2023-03-17-at-21.52.43-1024x768.jpeg?ssl=1&w=1024&resize=1024&ssl=1 1024w, https:\/\/i3.wp.com\/chacosintesis.com.ar\/wp-content\/uploads\/2023\/03\/WhatsApp-Image-2023-03-17-at-21.52.43-1024x768.jpeg?ssl=1&w=1280&resize=1280&ssl=1 1280w, https:\/\/i3.wp.com\/chacosintesis.com.ar\/wp-content\/uploads\/2023\/03\/WhatsApp-Image-2023-03-17-at-21.52.43-1024x768.jpeg?ssl=1&w=1600&resize=1600&ssl=1 1600w\" data-id=\"19827\" fifu-data-src=\"https:\/\/i3.wp.com\/chacosintesis.com.ar\/wp-content\/uploads\/2023\/03\/WhatsApp-Image-2023-03-17-at-21.52.43-1024x768.jpeg?ssl=1\" alt=\"\" class=\"wp-image-19827\"\/><\/figure>\n\n\n\n<figure class=\"wp-block-image size-large\"><img decoding=\"async\" src=\"data:image\/gif;base64,R0lGODlhAQABAIAAAAAAAP\/\/\/ywAAAAAAQABAAACAUwAOw==\" fifu-lazy=\"1\" fifu-data-sizes=\"auto\" fifu-data-srcset=\"https:\/\/i2.wp.com\/chacosintesis.com.ar\/wp-content\/uploads\/2023\/03\/WhatsApp-Image-2023-03-17-at-21.52.34-1-1024x768.jpeg?ssl=1&w=75&resize=75&ssl=1 75w, https:\/\/i2.wp.com\/chacosintesis.com.ar\/wp-content\/uploads\/2023\/03\/WhatsApp-Image-2023-03-17-at-21.52.34-1-1024x768.jpeg?ssl=1&w=100&resize=100&ssl=1 100w, https:\/\/i2.wp.com\/chacosintesis.com.ar\/wp-content\/uploads\/2023\/03\/WhatsApp-Image-2023-03-17-at-21.52.34-1-1024x768.jpeg?ssl=1&w=150&resize=150&ssl=1 150w, https:\/\/i2.wp.com\/chacosintesis.com.ar\/wp-content\/uploads\/2023\/03\/WhatsApp-Image-2023-03-17-at-21.52.34-1-1024x768.jpeg?ssl=1&w=240&resize=240&ssl=1 240w, https:\/\/i2.wp.com\/chacosintesis.com.ar\/wp-content\/uploads\/2023\/03\/WhatsApp-Image-2023-03-17-at-21.52.34-1-1024x768.jpeg?ssl=1&w=320&resize=320&ssl=1 320w, https:\/\/i2.wp.com\/chacosintesis.com.ar\/wp-content\/uploads\/2023\/03\/WhatsApp-Image-2023-03-17-at-21.52.34-1-1024x768.jpeg?ssl=1&w=500&resize=500&ssl=1 500w, https:\/\/i2.wp.com\/chacosintesis.com.ar\/wp-content\/uploads\/2023\/03\/WhatsApp-Image-2023-03-17-at-21.52.34-1-1024x768.jpeg?ssl=1&w=640&resize=640&ssl=1 640w, https:\/\/i2.wp.com\/chacosintesis.com.ar\/wp-content\/uploads\/2023\/03\/WhatsApp-Image-2023-03-17-at-21.52.34-1-1024x768.jpeg?ssl=1&w=800&resize=800&ssl=1 800w, https:\/\/i2.wp.com\/chacosintesis.com.ar\/wp-content\/uploads\/2023\/03\/WhatsApp-Image-2023-03-17-at-21.52.34-1-1024x768.jpeg?ssl=1&w=1024&resize=1024&ssl=1 1024w, https:\/\/i2.wp.com\/chacosintesis.com.ar\/wp-content\/uploads\/2023\/03\/WhatsApp-Image-2023-03-17-at-21.52.34-1-1024x768.jpeg?ssl=1&w=1280&resize=1280&ssl=1 1280w, https:\/\/i2.wp.com\/chacosintesis.com.ar\/wp-content\/uploads\/2023\/03\/WhatsApp-Image-2023-03-17-at-21.52.34-1-1024x768.jpeg?ssl=1&w=1600&resize=1600&ssl=1 1600w\" data-id=\"19828\" fifu-data-src=\"https:\/\/i2.wp.com\/chacosintesis.com.ar\/wp-content\/uploads\/2023\/03\/WhatsApp-Image-2023-03-17-at-21.52.34-1-1024x768.jpeg?ssl=1\" alt=\"\" class=\"wp-image-19828\"\/><\/figure>\n\n\n\n<figure class=\"wp-block-image size-large\"><img decoding=\"async\" src=\"data:image\/gif;base64,R0lGODlhAQABAIAAAAAAAP\/\/\/ywAAAAAAQABAAACAUwAOw==\" fifu-lazy=\"1\" fifu-data-sizes=\"auto\" fifu-data-srcset=\"https:\/\/i0.wp.com\/chacosintesis.com.ar\/wp-content\/uploads\/2023\/03\/WhatsApp-Image-2023-03-17-at-21.52.34-1024x768.jpeg?ssl=1&w=75&resize=75&ssl=1 75w, https:\/\/i0.wp.com\/chacosintesis.com.ar\/wp-content\/uploads\/2023\/03\/WhatsApp-Image-2023-03-17-at-21.52.34-1024x768.jpeg?ssl=1&w=100&resize=100&ssl=1 100w, https:\/\/i0.wp.com\/chacosintesis.com.ar\/wp-content\/uploads\/2023\/03\/WhatsApp-Image-2023-03-17-at-21.52.34-1024x768.jpeg?ssl=1&w=150&resize=150&ssl=1 150w, https:\/\/i0.wp.com\/chacosintesis.com.ar\/wp-content\/uploads\/2023\/03\/WhatsApp-Image-2023-03-17-at-21.52.34-1024x768.jpeg?ssl=1&w=240&resize=240&ssl=1 240w, https:\/\/i0.wp.com\/chacosintesis.com.ar\/wp-content\/uploads\/2023\/03\/WhatsApp-Image-2023-03-17-at-21.52.34-1024x768.jpeg?ssl=1&w=320&resize=320&ssl=1 320w, https:\/\/i0.wp.com\/chacosintesis.com.ar\/wp-content\/uploads\/2023\/03\/WhatsApp-Image-2023-03-17-at-21.52.34-1024x768.jpeg?ssl=1&w=500&resize=500&ssl=1 500w, https:\/\/i0.wp.com\/chacosintesis.com.ar\/wp-content\/uploads\/2023\/03\/WhatsApp-Image-2023-03-17-at-21.52.34-1024x768.jpeg?ssl=1&w=640&resize=640&ssl=1 640w, https:\/\/i0.wp.com\/chacosintesis.com.ar\/wp-content\/uploads\/2023\/03\/WhatsApp-Image-2023-03-17-at-21.52.34-1024x768.jpeg?ssl=1&w=800&resize=800&ssl=1 800w, https:\/\/i0.wp.com\/chacosintesis.com.ar\/wp-content\/uploads\/2023\/03\/WhatsApp-Image-2023-03-17-at-21.52.34-1024x768.jpeg?ssl=1&w=1024&resize=1024&ssl=1 1024w, https:\/\/i0.wp.com\/chacosintesis.com.ar\/wp-content\/uploads\/2023\/03\/WhatsApp-Image-2023-03-17-at-21.52.34-1024x768.jpeg?ssl=1&w=1280&resize=1280&ssl=1 1280w, https:\/\/i0.wp.com\/chacosintesis.com.ar\/wp-content\/uploads\/2023\/03\/WhatsApp-Image-2023-03-17-at-21.52.34-1024x768.jpeg?ssl=1&w=1600&resize=1600&ssl=1 1600w\" data-id=\"19826\" fifu-data-src=\"https:\/\/i0.wp.com\/chacosintesis.com.ar\/wp-content\/uploads\/2023\/03\/WhatsApp-Image-2023-03-17-at-21.52.34-1024x768.jpeg?ssl=1\" alt=\"\" class=\"wp-image-19826\"\/><\/figure>\n<\/figure>\n\n\n\n<p><br>Carim Peche: \u201cJuan Carlos est\u00e1 a la altura de las circunstancias\u201d<\/p>\n\n\n\n<p><br>\u201cJuan Carlos es una persona distinta, un emprendedor, sabe caer y levantarse, sabe<br>administrar, tomo un municipio destruido y lo sac\u00f3 adelante, es la contracara de un<br>gobierno que no escucha a nadie, prometieron ac\u00e1 en S\u00e1enz Pe\u00f1a el acueducto en<br>2004, estamos en 2023 y no est\u00e1 terminado, los que tenemos suerte de recibir algo de<br>agua es puro barro, la gente tiene que elegir entre comer y pagar la luz, prometi\u00f3 que<br>no aumentar\u00eda la tarifa de luz y est\u00e1n legando boletas confiscatorias, ellos quieren mas<br>pobres para tener m\u00e1s votos, nosotros queremos m\u00e1s votos para que cada d\u00eda haya<br>menos pobres\u201d<\/p>\n\n\n\n<p><br>\u201cNo hay problema de dinero sino mala administraci\u00f3n, ac\u00e1 no hay ning\u00fan amigo de lo<br>ajeno, gobernamos con honestidad, sin aumentar tarifas durante 12 a\u00f1os, y as\u00ed<br>gobernar\u00e1 Juan Carlos, para ser alternativa necesitamos l\u00edder y actores sociales que<br>est\u00e9n a la altura de las circunstancias, y nadie tiene dudas de que Juan Carlos Polini<br>es quien liderar\u00e1 el cambio\u201d<\/p>\n\n\n\n<p><br>Bruno Cipolini: \u201cEl cambio vendr\u00e1 con m\u00e1s debate y participaci\u00f3n\u201d<\/p>\n\n\n\n<p><br>\u201cEstamos hoy reunidos para presentar la precandidatura de Juan Carlos Polini a la<br>gobernaci\u00f3n del Chaco, un luchador de la actividad privada, que conoce la soledad del<br>productor cuando las cosas van mal, conoce los desaf\u00edos de los comerciantes, un ex<br>intendente que ha ordenado su municipio, pero por sobre todas las cosas, si Juan<br>Carlos esta ac\u00e1 es por su profunda vocaci\u00f3n de darnos una provincia mejor\u201d<br>\u201cEl Frente de Todos intent\u00f3 suspender las PASO, fuimos a la justicia que resolvi\u00f3 en<br>tiempo y forma, entonces yo y muchos nos preguntamos \u00bfPara que luchar tanto si no<br>vamos a utilizar una herramienta que ordena, moviliza y que nos permite un debate<\/p>\n\n\n\n<p>p\u00fablico m\u00e1s profundo? estoy convencido que el cambio vendr\u00e1 con m\u00e1s debate, m\u00e1s<br>participaci\u00f3n\u201d<\/p>\n\n\n\n<p>Juan Carlos Polini: \u201cLa historia no la escriben los flojos\u201d<\/p>\n\n\n\n<p><br>Desde que me involucr\u00e9 supe que el camino era por ac\u00e1: ir trabajando para ocupar<br>espacios que realmente le transformen la vida a la gente, que transformen la provincia<br>en cosas concretas y realizables que hagan todo un poco mejor y m\u00e1s f\u00e1cil\u201d<\/p>\n\n\n\n<p><br>Hoy estamos ac\u00e1 porque Chaco necesita algo distinto, necesita un cambio., \u00bfCu\u00e1ntos<br>de ustedes hoy tienen pendiente una boleta de luz casi imposible de pagar? \u00bfAc\u00e1 en<br>S\u00e1enz Pe\u00f1a, cu\u00e1ntos de ustedes tienen agua y de qu\u00e9 color sacan el agua de la red?<br>\u00bfHay docentes ac\u00e1? \u00bfCu\u00e1ntos de sus alumnos no pueden empezar las clases porque<br>las familias no pueden comprar un cuaderno, una mochila? \u00bfPudieron ustedes con sus<br>sueldos comprar c\u00f3modamente los \u00fatiles para sus hijos? \u00bfCu\u00e1ntos polic\u00edas conocen<br>que puedan vivir y sostenerse econ\u00f3micamente sin hacer horas adicionales? todos<br>necesitamos ese cambio, todos queremos y pedimos ese chaco distinto.<\/p>\n\n\n\n<p><br>El camino es por ah\u00ed, bancando a los emprendedores, sosteniendo a las Pymes,<br>generando empleo privado, necesitamos urgente gobernar pero no para darnos el lujo<br>de decir que ganamos una elecci\u00f3n, nosotros no somos eso, necesitamos gobernar<br>desde la humildad y la sinceridad, para llenar de insumos y garantizar la presencia de<br>los m\u00e9dicos en los hospitales; necesitamos gobernar para arreglar las escuelas y<br>tambi\u00e9n para asegurarnos que haya alumnos aprendiendo de verdad y docentes<br>ense\u00f1ando con tranquilidad y respaldo del sistema; necesitamos gobernar para<br>empoderar a la polic\u00eda, porque al contrario de lo que piensa Capitanich, no hay \u201ccanas<br>al pedo\u201d, lo que hay son servidores p\u00fablicos cansados de su complicidad con los<br>piqueteros, hartos del destrato y la falta de respeto\u201d<\/p>\n\n\n\n<p><br>De S\u00e1enz Pe\u00f1a, una ciudad que crece d\u00eda tras d\u00eda, sale a las calles hoy una<br>alternativa de gobierno, con hombres y mujeres que no tienen miedo, que saben que<br>pueden hacer las cosas bien y saben c\u00f3mo hacerlas, nosotros realmente somos<br>distintos, podemos caminar libremente por la calle, podemos explicar de d\u00f3nde sali\u00f3 y<br>c\u00f3mo creci\u00f3 nuestro patrimonio, podemos tener un n\u00famero de tel\u00e9fono p\u00fablico al que<br>cualquiera puede llamar para hablar directamente, sin intermediarios\u201d<\/p>\n","protected":false},"excerpt":{"rendered":"<p>En el marco de una masiva presencia de dirigentes y militantes radicales y de lospartidos que componen Juntos por el Cambio, representantes de Franja Morada,organizaciones gremiales, comunidades originarias, referentes del sector p\u00fablico yprivado, el presidente del interbloque de diputados de la UCR, Carim Peche junto alintendente de Presidencia Roque S\u00e1enz Pe\u00f1a, Bruno Cipolini, presentaronoficialmente la [&hellip;]<\/p>\n","protected":false},"author":1,"featured_media":19815,"comment_status":"closed","ping_status":"closed","sticky":false,"template":"","format":"standard","meta":{"footnotes":""},"categories":[6],"tags":[],"class_list":{"0":"post-19814","1":"post","2":"type-post","3":"status-publish","4":"format-standard","5":"has-post-thumbnail","7":"category-chaco"},"_links":{"self":[{"href":"https:\/\/chacosintesis.com.ar\/index.php\/wp-json\/wp\/v2\/posts\/19814","targetHints":{"allow":["GET"]}}],"collection":[{"href":"https:\/\/chacosintesis.com.ar\/index.php\/wp-json\/wp\/v2\/posts"}],"about":[{"href":"https:\/\/chacosintesis.com.ar\/index.php\/wp-json\/wp\/v2\/types\/post"}],"author":[{"embeddable":true,"href":"https:\/\/chacosintesis.com.ar\/index.php\/wp-json\/wp\/v2\/users\/1"}],"replies":[{"embeddable":true,"href":"https:\/\/chacosintesis.com.ar\/index.php\/wp-json\/wp\/v2\/comments?post=19814"}],"version-history":[{"count":0,"href":"https:\/\/chacosintesis.com.ar\/index.php\/wp-json\/wp\/v2\/posts\/19814\/revisions"}],"wp:featuredmedia":[{"embeddable":true,"href":"https:\/\/chacosintesis.com.ar\/index.php\/wp-json\/wp\/v2\/media\/19815"}],"wp:attachment":[{"href":"https:\/\/chacosintesis.com.ar\/index.php\/wp-json\/wp\/v2\/media?parent=19814"}],"wp:term":[{"taxonomy":"category","embeddable":true,"href":"https:\/\/chacosintesis.com.ar\/index.php\/wp-json\/wp\/v2\/categories?post=19814"},{"taxonomy":"post_tag","embeddable":true,"href":"https:\/\/chacosintesis.com.ar\/index.php\/wp-json\/wp\/v2\/tags?post=19814"}],"curies":[{"name":"wp","href":"https:\/\/api.w.org\/{rel}","templated":true}]}}