{"id":19810,"date":"2023-03-17T17:22:05","date_gmt":"2023-03-17T20:22:05","guid":{"rendered":"https:\/\/chacosintesis.com.ar\/?p=19810"},"modified":"2023-03-17T17:36:39","modified_gmt":"2023-03-17T20:36:39","slug":"accidente-fatal-se-cobra-la-vida-de-un-motociclista","status":"publish","type":"post","link":"https:\/\/chacosintesis.com.ar\/index.php\/accidente-fatal-se-cobra-la-vida-de-un-motociclista\/","title":{"rendered":"Accidente fatal se cobra la vida de un motociclista"},"content":{"rendered":"<p>El siniestro ocurri\u00f3 esta ma\u00f1ana. Fue entre una Toyota Hilux y una Zanella 125cc. El fallecido ten\u00eda 46 a\u00f1os.<br \/>\nCerca de las 10:50 de este viernes, sobre ruta N\u00b095 al kil\u00f3metro 6, los agentes de la Comisar\u00eda de Tres Isletas registraron un accidente entre una Toyota Hilux y una Zanella de 125 cilindradas. El motociclista fue derivado inmediatamente al Hospital 4 de Junio de S\u00e1enz Pe\u00f1a debido a sus lesiones. A las 14, el hospital inform\u00f3 de su muerte.<br \/>\nEl motociclista de 46 a\u00f1os fue diagnosticado en el hospital con un \u201cT.E.C. Moderado y Traumatismo Cerrado de T\u00f3rax\u201d. Fue dejado con Asistencia Respiratoria Mec\u00e1nica. Los esfuerzos no bastaron y a las 14 los doctores informaron de su fallecimiento.<br \/>\nPor su parte, el conductor de la Toyota result\u00f3 ileso.<\/p>\n","protected":false},"excerpt":{"rendered":"<p>El siniestro ocurri\u00f3 esta ma\u00f1ana. Fue entre una Toyota Hilux y una Zanella 125cc. El fallecido ten\u00eda 46 a\u00f1os. Cerca de las 10:50 de este viernes, sobre ruta N\u00b095 al kil\u00f3metro 6, los agentes de la Comisar\u00eda de Tres Isletas registraron un accidente entre una Toyota Hilux y una Zanella de 125 cilindradas. El motociclista [&hellip;]<\/p>\n","protected":false},"author":1,"featured_media":19811,"comment_status":"closed","ping_status":"closed","sticky":false,"template":"","format":"standard","meta":{"footnotes":""},"categories":[6],"tags":[],"class_list":{"0":"post-19810","1":"post","2":"type-post","3":"status-publish","4":"format-standard","5":"has-post-thumbnail","7":"category-chaco"},"_links":{"self":[{"href":"https:\/\/chacosintesis.com.ar\/index.php\/wp-json\/wp\/v2\/posts\/19810","targetHints":{"allow":["GET"]}}],"collection":[{"href":"https:\/\/chacosintesis.com.ar\/index.php\/wp-json\/wp\/v2\/posts"}],"about":[{"href":"https:\/\/chacosintesis.com.ar\/index.php\/wp-json\/wp\/v2\/types\/post"}],"author":[{"embeddable":true,"href":"https:\/\/chacosintesis.com.ar\/index.php\/wp-json\/wp\/v2\/users\/1"}],"replies":[{"embeddable":true,"href":"https:\/\/chacosintesis.com.ar\/index.php\/wp-json\/wp\/v2\/comments?post=19810"}],"version-history":[{"count":0,"href":"https:\/\/chacosintesis.com.ar\/index.php\/wp-json\/wp\/v2\/posts\/19810\/revisions"}],"wp:featuredmedia":[{"embeddable":true,"href":"https:\/\/chacosintesis.com.ar\/index.php\/wp-json\/wp\/v2\/media\/19811"}],"wp:attachment":[{"href":"https:\/\/chacosintesis.com.ar\/index.php\/wp-json\/wp\/v2\/media?parent=19810"}],"wp:term":[{"taxonomy":"category","embeddable":true,"href":"https:\/\/chacosintesis.com.ar\/index.php\/wp-json\/wp\/v2\/categories?post=19810"},{"taxonomy":"post_tag","embeddable":true,"href":"https:\/\/chacosintesis.com.ar\/index.php\/wp-json\/wp\/v2\/tags?post=19810"}],"curies":[{"name":"wp","href":"https:\/\/api.w.org\/{rel}","templated":true}]}}