{"id":19804,"date":"2023-03-17T13:47:48","date_gmt":"2023-03-17T16:47:48","guid":{"rendered":"https:\/\/chacosintesis.com.ar\/?p=19804"},"modified":"2023-03-17T14:06:40","modified_gmt":"2023-03-17T17:06:40","slug":"carim-peche-y-bruno-cipolini-presentan-la-precandidatura-de-juan-carlos-polini-a-la-gobernacion-del-chaco","status":"publish","type":"post","link":"https:\/\/chacosintesis.com.ar\/index.php\/carim-peche-y-bruno-cipolini-presentan-la-precandidatura-de-juan-carlos-polini-a-la-gobernacion-del-chaco\/","title":{"rendered":"Carim Peche y Bruno Cipolini presentan la precandidatura de Juan Carlos Polini a la gobernaci\u00f3n del Chaco"},"content":{"rendered":"<p>Este viernes, a partir de la hora 18 en instalaciones del complejo La Pac\u00fa en Presidencia Roque Sa\u00e9nz Pe\u00f1a, el presidente del interbloque de diputados de la UCR, Carim Peche junto al intendente de la ciudad, Bruno Cipolini, presentar\u00e1n oficialmente la precandidatura del farmac\u00e9utico, productor agropecuario y empresario algodonero Juan Carlos Polini a la gobernaci\u00f3n del Chaco.<br \/>\nEn el encuentro, que contar\u00e1 con la participaci\u00f3n de intendentes, concejales, legisladores nacionales y provinciales, dirigentes y militantes, se abordar\u00e1 una agenda de trabajo que incluye el an\u00e1lisis de la situaci\u00f3n pol\u00edtica, econ\u00f3mica y social nacional y provincial como as\u00ed tambi\u00e9n el cronograma electoral 2023.<\/p>\n","protected":false},"excerpt":{"rendered":"<p>Este viernes, a partir de la hora 18 en instalaciones del complejo La Pac\u00fa en Presidencia Roque Sa\u00e9nz Pe\u00f1a, el presidente del interbloque de diputados de la UCR, Carim Peche junto al intendente de la ciudad, Bruno Cipolini, presentar\u00e1n oficialmente la precandidatura del farmac\u00e9utico, productor agropecuario y empresario algodonero Juan Carlos Polini a la gobernaci\u00f3n [&hellip;]<\/p>\n","protected":false},"author":1,"featured_media":19805,"comment_status":"closed","ping_status":"closed","sticky":false,"template":"","format":"standard","meta":{"footnotes":""},"categories":[6],"tags":[],"class_list":{"0":"post-19804","1":"post","2":"type-post","3":"status-publish","4":"format-standard","5":"has-post-thumbnail","7":"category-chaco"},"_links":{"self":[{"href":"https:\/\/chacosintesis.com.ar\/index.php\/wp-json\/wp\/v2\/posts\/19804","targetHints":{"allow":["GET"]}}],"collection":[{"href":"https:\/\/chacosintesis.com.ar\/index.php\/wp-json\/wp\/v2\/posts"}],"about":[{"href":"https:\/\/chacosintesis.com.ar\/index.php\/wp-json\/wp\/v2\/types\/post"}],"author":[{"embeddable":true,"href":"https:\/\/chacosintesis.com.ar\/index.php\/wp-json\/wp\/v2\/users\/1"}],"replies":[{"embeddable":true,"href":"https:\/\/chacosintesis.com.ar\/index.php\/wp-json\/wp\/v2\/comments?post=19804"}],"version-history":[{"count":0,"href":"https:\/\/chacosintesis.com.ar\/index.php\/wp-json\/wp\/v2\/posts\/19804\/revisions"}],"wp:featuredmedia":[{"embeddable":true,"href":"https:\/\/chacosintesis.com.ar\/index.php\/wp-json\/wp\/v2\/media\/19805"}],"wp:attachment":[{"href":"https:\/\/chacosintesis.com.ar\/index.php\/wp-json\/wp\/v2\/media?parent=19804"}],"wp:term":[{"taxonomy":"category","embeddable":true,"href":"https:\/\/chacosintesis.com.ar\/index.php\/wp-json\/wp\/v2\/categories?post=19804"},{"taxonomy":"post_tag","embeddable":true,"href":"https:\/\/chacosintesis.com.ar\/index.php\/wp-json\/wp\/v2\/tags?post=19804"}],"curies":[{"name":"wp","href":"https:\/\/api.w.org\/{rel}","templated":true}]}}