{"id":19796,"date":"2023-03-17T07:00:00","date_gmt":"2023-03-17T10:00:00","guid":{"rendered":"https:\/\/chacosintesis.com.ar\/?p=19796"},"modified":"2023-03-17T07:06:54","modified_gmt":"2023-03-17T10:06:54","slug":"campana-de-vacunacion-antigripal-en-el-chaco-cuando-comienza-y-a-quienes-alcanza-en-la-primera-etapa","status":"publish","type":"post","link":"https:\/\/chacosintesis.com.ar\/index.php\/campana-de-vacunacion-antigripal-en-el-chaco-cuando-comienza-y-a-quienes-alcanza-en-la-primera-etapa\/","title":{"rendered":"Campa\u00f1a de vacunaci\u00f3n antigripal en el Chaco: cu\u00e1ndo comienza y a qui\u00e9nes alcanza en la primera etapa"},"content":{"rendered":"<p>Este viernes 17, a las 9, en el Hospital \u201cDr. Julio C. Perrando\u201d se realizar\u00e1 el lanzamiento oficial que ser\u00e1 en consonancia junto a todas las provincias del pa\u00eds.<\/p>\n<p> El Ministerio de Salud P\u00fablica de la provincia del Chaco, inform\u00f3 que este viernes 17, a las 9, iniciar\u00e1 una nueva campa\u00f1a de vacunaci\u00f3n antigripal en la provincia. El lanzamiento oficial se realizar\u00e1 en el Hospital \u201cDr. Julio C. Perrando\u201d de Resistencia, \u201ccon el prop\u00f3sito de disminuir las complicaciones, hospitalizaciones, secuelas y muertes ocasionadas por la infecci\u00f3n del virus influenza en Argentina\u201d, indicaron en un comunicado.<\/p>\n<p>Desde la cartera sanitaria informaron que las primeras personas en acceder a la inmunizaci\u00f3n ser\u00e1n las que trabajen en el \u00e1rea de salud, siguiendo por las personas gestantes y continuando de manera escalonada y \u201cseg\u00fan disponibilidad de vacunas\u201d. Cabe recordar que las dosis son gratuitas y no requieren de orden m\u00e9dica.<\/p>\n<p> La gripe o influenza es una enfermedad viral respiratoria muy transmisible que se contagia de una persona a otra, por el contacto de gotitas provenientes de la v\u00eda respiratoria de personas infectadas que se propagan al toser, estornudar o tambi\u00e9n a trav\u00e9s de superficies u objetos contaminados con estas secreciones. Aunque la mayor\u00eda de los afectados se recupera en una o dos semanas, en los grupos poblaciones de riesgo puede ocasionar graves complicaciones.<\/p>\n","protected":false},"excerpt":{"rendered":"<p>Este viernes 17, a las 9, en el Hospital \u201cDr. Julio C. Perrando\u201d se realizar\u00e1 el lanzamiento oficial que ser\u00e1 en consonancia junto a todas las provincias del pa\u00eds. El Ministerio de Salud P\u00fablica de la provincia del Chaco, inform\u00f3 que este viernes 17, a las 9, iniciar\u00e1 una nueva campa\u00f1a de vacunaci\u00f3n antigripal en [&hellip;]<\/p>\n","protected":false},"author":1,"featured_media":19797,"comment_status":"closed","ping_status":"closed","sticky":false,"template":"","format":"standard","meta":{"footnotes":""},"categories":[6],"tags":[197],"class_list":{"0":"post-19796","1":"post","2":"type-post","3":"status-publish","4":"format-standard","5":"has-post-thumbnail","7":"category-chaco","8":"tag-destacada"},"_links":{"self":[{"href":"https:\/\/chacosintesis.com.ar\/index.php\/wp-json\/wp\/v2\/posts\/19796","targetHints":{"allow":["GET"]}}],"collection":[{"href":"https:\/\/chacosintesis.com.ar\/index.php\/wp-json\/wp\/v2\/posts"}],"about":[{"href":"https:\/\/chacosintesis.com.ar\/index.php\/wp-json\/wp\/v2\/types\/post"}],"author":[{"embeddable":true,"href":"https:\/\/chacosintesis.com.ar\/index.php\/wp-json\/wp\/v2\/users\/1"}],"replies":[{"embeddable":true,"href":"https:\/\/chacosintesis.com.ar\/index.php\/wp-json\/wp\/v2\/comments?post=19796"}],"version-history":[{"count":0,"href":"https:\/\/chacosintesis.com.ar\/index.php\/wp-json\/wp\/v2\/posts\/19796\/revisions"}],"wp:featuredmedia":[{"embeddable":true,"href":"https:\/\/chacosintesis.com.ar\/index.php\/wp-json\/wp\/v2\/media\/19797"}],"wp:attachment":[{"href":"https:\/\/chacosintesis.com.ar\/index.php\/wp-json\/wp\/v2\/media?parent=19796"}],"wp:term":[{"taxonomy":"category","embeddable":true,"href":"https:\/\/chacosintesis.com.ar\/index.php\/wp-json\/wp\/v2\/categories?post=19796"},{"taxonomy":"post_tag","embeddable":true,"href":"https:\/\/chacosintesis.com.ar\/index.php\/wp-json\/wp\/v2\/tags?post=19796"}],"curies":[{"name":"wp","href":"https:\/\/api.w.org\/{rel}","templated":true}]}}