{"id":19792,"date":"2023-02-20T13:12:00","date_gmt":"2023-02-20T16:12:00","guid":{"rendered":"https:\/\/chacosintesis.com.ar\/?p=19792"},"modified":"2023-03-16T19:14:23","modified_gmt":"2023-03-16T22:14:23","slug":"por-su-diversidad-e-integracion-cultural-los-carnavales-de-el-impenetrable-recibieron-el-reconocimiento-legislativ","status":"publish","type":"post","link":"https:\/\/chacosintesis.com.ar\/index.php\/por-su-diversidad-e-integracion-cultural-los-carnavales-de-el-impenetrable-recibieron-el-reconocimiento-legislativ\/","title":{"rendered":"Por su diversidad e integraci\u00f3n cultural, los carnavales de El Impenetrable recibieron el reconocimiento legislativ"},"content":{"rendered":"\n<p>Con el objetivo de valorar y reconocer el esfuerzo de la comunidad, la presidenta del Poder Legislativo, Elida Cuesta, junto a legisladores de distintos bloques pol\u00edticos, particip\u00f3 de los carnavales de El Impenetrable en Juan Jos\u00e9 Castelli. Acompa\u00f1ada por Andrea Charole, Dorys Arkwright, Sebasti\u00e1n Lazarini y Nicol\u00e1s Slimel, la titular legislativa entreg\u00f3 placas de reconocimiento a las comparsas Hijos del Sol, Hualoq Al\u00e1 y Estrella Tropical, as\u00ed como tambi\u00e9n al intendente local P\u00edo Sander por el esfuerzo y compromiso para que esta fiesta popular se realice de manera extraordinaria.<br>Cuesta resalt\u00f3 el compromiso de la Legislatura de recorrer las distintas localidades de la provincia para acompa\u00f1ar a las y los chaque\u00f1os que durante todo el a\u00f1o trabajan para estos carnavales que logran la hermandad de los pueblos y generan un crecimiento econ\u00f3mico muy importante. \u201cAgradezco a las y los diputados de los distintos bloques que me acompa\u00f1an para brindar un reconocimiento a estas comparsas que tienen m\u00e1s de 30 a\u00f1os de historia\u201d, asever\u00f3.<br>Por otro lado, valor\u00f3 el esfuerzo de todo el pueblo castelense que trabaja durante todo el a\u00f1o para que los carnavales de El Impenetrable brillen en su m\u00e1xima plenitud. \u201cAgradezco a todo mi pueblo querido, ya que volv\u00ed a estos corsos despu\u00e9s de haber sido una integrante de las antiguas comparsas y pude reencontrarme con amigas y amigos con los que hace muchos a\u00f1os disfrutamos del carnaval\u201d, explic\u00f3 la legisladora.<br>Para concluir, la presidenta tambi\u00e9n destac\u00f3 la diversidad de estos corsos, en cuales conviven distintas culturas, ya sean de pueblos originarios o criollos, y que se ve reflejada en una gran integraci\u00f3n y hermandad entre los distintos pueblos, credos e ideolog\u00edas.<\/p>\n\n\n\n<p>Acompa\u00f1amiento de los distintos bloques<br>El diputado Lazarini expres\u00f3 su satisfacci\u00f3n al participar de los corsos de su querida ciudad y que a\u00f1o a a\u00f1o tienen un crecimiento exponencial. \u201cEstos carnavales nos hacen recordar nuestra infancia y adolescencia, ya que esta fiesta popular permite mostrar nuestra cultura y costumbres, as\u00ed como tambi\u00e9n movilizar el sector econ\u00f3mico tan necesario en estos tiempos dif\u00edciles\u201d, agreg\u00f3.<br>Dorys Arkwright, por su parte, resalt\u00f3 la muy buena puesta en escena de estos carnavales en los que las distintas comparsas mostraron la idiosincrasia y cultura de Juan Jos\u00e9 Castelli y todo El Impenetrable. \u201cNuevamente la Legislatura vuelve al interior provincial para acompa\u00f1ar a las y los chaque\u00f1os y reconocer el esfuerzo que realizan durante todo el a\u00f1o\u201d, explic\u00f3 la diputada oriunda de Castelli.<br>En el mismo sentido, Andrea Charole expres\u00f3 su felicidad de participar de este fiesta popular que se realiza en su tierra y destac\u00f3 el trabajo y compromiso de toda la comunidad. \u201cDe estos carnavales participan muchos pueblos de la zona, por lo que es muy importante que la Legislatura reconozca el esfuerzo de un pueblo que trabaja en conjunto para lograr el crecimiento de todos\u201d, asever\u00f3.<br>Finalmente, el diputado Slimel valor\u00f3 el reconocimiento legislativo a esta fiesta popular que permite movilizar la econom\u00eda de una ciudad muy importante y a su vez mostrar la diversidad cultural que la caracteriza. \u201cCastelli brilla por su diversidad cultural y es muy bueno que nosotros disfrutemos junto a cientos de familias y amigos de estos carnavales\u201d, concluy\u00f3.<\/p>\n\n\n\n<p>Agradecimiento del pueblo castelense<br>El intendente P\u00edo Sander agradeci\u00f3 el reconocimiento del Poder Legislativo a estos carnavales de El Impenetrable que reflejan la hermandad y diversidad cultural de un pueblo. \u201cCada comparsa que pas\u00f3 por el cors\u00f3dromo dej\u00f3 reflejado el crisol de razas que nos caracteriza, algo que permite que esta fiesta popular brille y genere sensaciones \u00fanicas\u201d, manifest\u00f3 el jefe comunal.<\/p>\n","protected":false},"excerpt":{"rendered":"<p>Con el objetivo de valorar y reconocer el esfuerzo de la comunidad, la presidenta del Poder Legislativo, Elida Cuesta, junto a legisladores de distintos bloques pol\u00edticos, particip\u00f3 de los carnavales de El Impenetrable en Juan Jos\u00e9 Castelli. Acompa\u00f1ada por Andrea Charole, Dorys Arkwright, Sebasti\u00e1n Lazarini y Nicol\u00e1s Slimel, la titular legislativa entreg\u00f3 placas de reconocimiento [&hellip;]<\/p>\n","protected":false},"author":1,"featured_media":19793,"comment_status":"closed","ping_status":"closed","sticky":false,"template":"","format":"standard","meta":{"footnotes":""},"categories":[6],"tags":[202],"class_list":{"0":"post-19792","1":"post","2":"type-post","3":"status-publish","4":"format-standard","5":"has-post-thumbnail","7":"category-chaco","8":"tag-legislatura"},"_links":{"self":[{"href":"https:\/\/chacosintesis.com.ar\/index.php\/wp-json\/wp\/v2\/posts\/19792","targetHints":{"allow":["GET"]}}],"collection":[{"href":"https:\/\/chacosintesis.com.ar\/index.php\/wp-json\/wp\/v2\/posts"}],"about":[{"href":"https:\/\/chacosintesis.com.ar\/index.php\/wp-json\/wp\/v2\/types\/post"}],"author":[{"embeddable":true,"href":"https:\/\/chacosintesis.com.ar\/index.php\/wp-json\/wp\/v2\/users\/1"}],"replies":[{"embeddable":true,"href":"https:\/\/chacosintesis.com.ar\/index.php\/wp-json\/wp\/v2\/comments?post=19792"}],"version-history":[{"count":0,"href":"https:\/\/chacosintesis.com.ar\/index.php\/wp-json\/wp\/v2\/posts\/19792\/revisions"}],"wp:featuredmedia":[{"embeddable":true,"href":"https:\/\/chacosintesis.com.ar\/index.php\/wp-json\/wp\/v2\/media\/19793"}],"wp:attachment":[{"href":"https:\/\/chacosintesis.com.ar\/index.php\/wp-json\/wp\/v2\/media?parent=19792"}],"wp:term":[{"taxonomy":"category","embeddable":true,"href":"https:\/\/chacosintesis.com.ar\/index.php\/wp-json\/wp\/v2\/categories?post=19792"},{"taxonomy":"post_tag","embeddable":true,"href":"https:\/\/chacosintesis.com.ar\/index.php\/wp-json\/wp\/v2\/tags?post=19792"}],"curies":[{"name":"wp","href":"https:\/\/api.w.org\/{rel}","templated":true}]}}