{"id":19789,"date":"2023-02-19T10:25:00","date_gmt":"2023-02-19T13:25:00","guid":{"rendered":"https:\/\/chacosintesis.com.ar\/?p=19789"},"modified":"2023-03-16T19:12:29","modified_gmt":"2023-03-16T22:12:29","slug":"cuesta-queremos-que-la-solidaridad-sea-el-valor-fundamental-de-nuestro-chaco","status":"publish","type":"post","link":"https:\/\/chacosintesis.com.ar\/index.php\/cuesta-queremos-que-la-solidaridad-sea-el-valor-fundamental-de-nuestro-chaco\/","title":{"rendered":"Cuesta: &#8220;Queremos que la solidaridad sea el valor fundamental de nuestro Chaco&#8221;"},"content":{"rendered":"\n<p>La presidenta de Mujeres Chaque\u00f1as Solidarias (Muchas), Elida Cuesta, visit\u00f3 este s\u00e1bado el merendero de la fundaci\u00f3n Luz y Esperanza, del barrio Nocaayi, de Juan Jos\u00e9 Castelli, donde, junto a la legisladora Andrea Charole, entreg\u00f3 \u00fatiles, ropa y juguetes.<br>Cuesta resalt\u00f3 la importancia de sumar manos solidarias para construir entre todos una sociedad mejor. &#8220;Gracias a todos los que conf\u00edan en Muchas podemos recorrer la provincia brindando una mano amiga a quienes m\u00e1s la necesitan&#8221;, asegur\u00f3.<br>Asimismo, la titular de Muchas marc\u00f3 que la solidaridad es el valor fundamental de las y los chaque\u00f1os. &#8220;En cada localidad que visitamos encontramos hombres y mujeres de bien que trabajan al servicio de la comunidad. Por eso apoyamos el gran trabajo que realiza la fundaci\u00f3n Luz y Esperanza en una barriada muy importante como lo es el Nocaayi&#8221;, manifest\u00f3.<br>Charole, por su parte, agradeci\u00f3 la visita de Muchas y de la presidenta Elida Cuesta. &#8220;Estar cerca de la gente es muy importante en estos tiempos de tanta necesidad. Ayudar a los que menos tienen es un gesto de humanidad que debemos resaltar&#8221;, resalt\u00f3 la diputada.<br>Por otra parte, alent\u00f3 a la comunidad de Juan Jos\u00e9 Castelli a colaborar con la fundaci\u00f3n Luz y Esperanza y con todos los que trabajan en pos de la solidaridad. Charole destac\u00f3 que &#8220;este gesto es un impulso muy importante para todos los que formamos parte de esta fundaci\u00f3n porque todo lo hacemos a pulm\u00f3n y por la gente que menos tiene ac\u00e1 en Castelli&#8221;.<\/p>\n","protected":false},"excerpt":{"rendered":"<p>La presidenta de Mujeres Chaque\u00f1as Solidarias (Muchas), Elida Cuesta, visit\u00f3 este s\u00e1bado el merendero de la fundaci\u00f3n Luz y Esperanza, del barrio Nocaayi, de Juan Jos\u00e9 Castelli, donde, junto a la legisladora Andrea Charole, entreg\u00f3 \u00fatiles, ropa y juguetes.Cuesta resalt\u00f3 la importancia de sumar manos solidarias para construir entre todos una sociedad mejor. &#8220;Gracias a [&hellip;]<\/p>\n","protected":false},"author":1,"featured_media":19790,"comment_status":"closed","ping_status":"closed","sticky":false,"template":"","format":"standard","meta":{"footnotes":""},"categories":[6],"tags":[202],"class_list":{"0":"post-19789","1":"post","2":"type-post","3":"status-publish","4":"format-standard","5":"has-post-thumbnail","7":"category-chaco","8":"tag-legislatura"},"_links":{"self":[{"href":"https:\/\/chacosintesis.com.ar\/index.php\/wp-json\/wp\/v2\/posts\/19789","targetHints":{"allow":["GET"]}}],"collection":[{"href":"https:\/\/chacosintesis.com.ar\/index.php\/wp-json\/wp\/v2\/posts"}],"about":[{"href":"https:\/\/chacosintesis.com.ar\/index.php\/wp-json\/wp\/v2\/types\/post"}],"author":[{"embeddable":true,"href":"https:\/\/chacosintesis.com.ar\/index.php\/wp-json\/wp\/v2\/users\/1"}],"replies":[{"embeddable":true,"href":"https:\/\/chacosintesis.com.ar\/index.php\/wp-json\/wp\/v2\/comments?post=19789"}],"version-history":[{"count":0,"href":"https:\/\/chacosintesis.com.ar\/index.php\/wp-json\/wp\/v2\/posts\/19789\/revisions"}],"wp:featuredmedia":[{"embeddable":true,"href":"https:\/\/chacosintesis.com.ar\/index.php\/wp-json\/wp\/v2\/media\/19790"}],"wp:attachment":[{"href":"https:\/\/chacosintesis.com.ar\/index.php\/wp-json\/wp\/v2\/media?parent=19789"}],"wp:term":[{"taxonomy":"category","embeddable":true,"href":"https:\/\/chacosintesis.com.ar\/index.php\/wp-json\/wp\/v2\/categories?post=19789"},{"taxonomy":"post_tag","embeddable":true,"href":"https:\/\/chacosintesis.com.ar\/index.php\/wp-json\/wp\/v2\/tags?post=19789"}],"curies":[{"name":"wp","href":"https:\/\/api.w.org\/{rel}","templated":true}]}}