{"id":19786,"date":"2023-02-18T12:08:00","date_gmt":"2023-02-18T15:08:00","guid":{"rendered":"https:\/\/chacosintesis.com.ar\/?p=19786"},"modified":"2023-03-16T19:10:08","modified_gmt":"2023-03-16T22:10:08","slug":"cuesta-valoro-el-trabajo-y-esfuerzo-de-las-mujeres-empresarias-chaquenas","status":"publish","type":"post","link":"https:\/\/chacosintesis.com.ar\/index.php\/cuesta-valoro-el-trabajo-y-esfuerzo-de-las-mujeres-empresarias-chaquenas\/","title":{"rendered":"Cuesta valor\u00f3 el trabajo y esfuerzo de las mujeres empresarias chaque\u00f1as"},"content":{"rendered":"\n<p>Por medio de una resoluci\u00f3n firmada por su presidenta, Elida Cuesta, el Poder Legislativo del Chaco particip\u00f3 y declar\u00f3 de inter\u00e9s provincial la distinci\u00f3n a la mujer empresaria 2023 que organiza la Federaci\u00f3n Econ\u00f3mica del Chaco (Fechaco), junto a la C\u00e1mara de Mujeres Empresarias del Chaco (Camech).<br>Durante el evento desarrollado al efecto, el empresariado chaque\u00f1o reconoci\u00f3 la labor de distintas mujeres que desempe\u00f1aron un rol vital en el sector y destac\u00f3 particularmente a M\u00f3nica Panzardi, por las peque\u00f1as empresas; a Marilyn Giraudo, por las medianas empresas; y otorg\u00f3 una menci\u00f3n especial como mujer inspiradora a Irrita Segovia. Estas mujeres galardonadas competir\u00e1n a nivel nacional en el concurso organizado por Mecame (sector Mujer Empresaria de la Confederaci\u00f3n Argentina de Mediana Empresa) que se realizar\u00e1 en marzo en Buenos Aires.<br>Cuesta resalt\u00f3 la excelencia profesional y empresarial de estas mujeres que cuentan con una importante trayectoria de liderazgo en el mundo de la empresa y el emprendedurismo. \u201cAcompa\u00f1amos esta convocatoria tan importante, ya que es un aliciente para todas las mujeres empresarias chaque\u00f1as que d\u00eda a d\u00eda trabajan en una \u00e9poca muy dif\u00edcil y tienen el compromiso de ver crecer a nuestra provincia\u201d, agreg\u00f3 la legisladora.<br>Adem\u00e1s, valor\u00f3 a estas mujeres que apuestan diariamente a un futuro mejor y asegur\u00f3 que el Estado debe estar presente para motivar e incentivar a este sector tan fundamental. \u201cTenemos que visibilizar a todas estas mujeres que aportan su granito de arena\u201d, concluy\u00f3.<br>Por su parte, la presidenta de Fechaco, Silvia Reyero, destac\u00f3 el acompa\u00f1amiento del Poder Legislativo, que deja bien en clara la actitud positiva que tienen las y los diputados para apoyar al sector empresarial chaque\u00f1o. \u201cTodas estas mujeres contribuyen, cada una desde el rol en que se desempe\u00f1a, a enriquecer la provincia en todo sentido y, por lo tanto, vale la pena reconocer el esfuerzo que realiza cada una\u201d, expres\u00f3.<\/p>\n\n\n\n<p>\u201cEste premio pinta de arcoiris mi labor de todos los d\u00edas\u201d<br>M\u00f3nica Panzardi, premiada en la categor\u00eda de mujer de peque\u00f1a empresa, agradeci\u00f3 a Fechaco, Camech y al Poder Legislativo por el reconocimiento recibido, al cual consider\u00f3 como un orgullo y satisfacci\u00f3n. \u201cEste premio pinta de arcoiris mi labor de todos los d\u00edas porque revalida todo el esfuerzo que hacemos en nuestras empresas\u201d, concluy\u00f3.<\/p>\n","protected":false},"excerpt":{"rendered":"<p>Por medio de una resoluci\u00f3n firmada por su presidenta, Elida Cuesta, el Poder Legislativo del Chaco particip\u00f3 y declar\u00f3 de inter\u00e9s provincial la distinci\u00f3n a la mujer empresaria 2023 que organiza la Federaci\u00f3n Econ\u00f3mica del Chaco (Fechaco), junto a la C\u00e1mara de Mujeres Empresarias del Chaco (Camech).Durante el evento desarrollado al efecto, el empresariado chaque\u00f1o [&hellip;]<\/p>\n","protected":false},"author":1,"featured_media":19787,"comment_status":"closed","ping_status":"closed","sticky":false,"template":"","format":"standard","meta":{"footnotes":""},"categories":[6],"tags":[202],"class_list":{"0":"post-19786","1":"post","2":"type-post","3":"status-publish","4":"format-standard","5":"has-post-thumbnail","7":"category-chaco","8":"tag-legislatura"},"_links":{"self":[{"href":"https:\/\/chacosintesis.com.ar\/index.php\/wp-json\/wp\/v2\/posts\/19786","targetHints":{"allow":["GET"]}}],"collection":[{"href":"https:\/\/chacosintesis.com.ar\/index.php\/wp-json\/wp\/v2\/posts"}],"about":[{"href":"https:\/\/chacosintesis.com.ar\/index.php\/wp-json\/wp\/v2\/types\/post"}],"author":[{"embeddable":true,"href":"https:\/\/chacosintesis.com.ar\/index.php\/wp-json\/wp\/v2\/users\/1"}],"replies":[{"embeddable":true,"href":"https:\/\/chacosintesis.com.ar\/index.php\/wp-json\/wp\/v2\/comments?post=19786"}],"version-history":[{"count":0,"href":"https:\/\/chacosintesis.com.ar\/index.php\/wp-json\/wp\/v2\/posts\/19786\/revisions"}],"wp:featuredmedia":[{"embeddable":true,"href":"https:\/\/chacosintesis.com.ar\/index.php\/wp-json\/wp\/v2\/media\/19787"}],"wp:attachment":[{"href":"https:\/\/chacosintesis.com.ar\/index.php\/wp-json\/wp\/v2\/media?parent=19786"}],"wp:term":[{"taxonomy":"category","embeddable":true,"href":"https:\/\/chacosintesis.com.ar\/index.php\/wp-json\/wp\/v2\/categories?post=19786"},{"taxonomy":"post_tag","embeddable":true,"href":"https:\/\/chacosintesis.com.ar\/index.php\/wp-json\/wp\/v2\/tags?post=19786"}],"curies":[{"name":"wp","href":"https:\/\/api.w.org\/{rel}","templated":true}]}}