{"id":19780,"date":"2023-02-15T12:40:00","date_gmt":"2023-02-15T15:40:00","guid":{"rendered":"https:\/\/chacosintesis.com.ar\/?p=19780"},"modified":"2023-03-16T19:06:02","modified_gmt":"2023-03-16T22:06:02","slug":"junto-a-las-y-los-legisladores-lapachito-y-la-escondida-vivieron-sus-fiestas-de-carnaval","status":"publish","type":"post","link":"https:\/\/chacosintesis.com.ar\/index.php\/junto-a-las-y-los-legisladores-lapachito-y-la-escondida-vivieron-sus-fiestas-de-carnaval\/","title":{"rendered":"Junto a las y los legisladores, Lapachito y La Escondida vivieron sus fiestas de carnaval"},"content":{"rendered":"\n<p>Poniendo en valor al carnaval como un hecho cultural, social y tur\u00edstico, la presidenta del Poder Legislativo Elida Cuesta, junto a las y los legisladores, reconoci\u00f3 a los corsos de Lapachito y La Escondida destacando el esfuerzo de las comparsas. Acompa\u00f1aron las y los diputados Claudia Panzardi, Roberto Acosta y Nicol\u00e1s Slimel.<br>Cuesta destac\u00f3 que el carnaval hermana a los pueblos y valor\u00f3 el esfuerzo de la comunidad de cada localidad en pos de la cultura. \u201cEl carnaval, adem\u00e1s de ser una fiesta popular, significa cultura, desarrollo y turismo, sobre todo para los pueblos del interior provincial que hacen un gran esfuerzo colectivo\u201d, manifest\u00f3 la presidenta.<br>Asimismo, la titular del cuerpo legislativo resalt\u00f3 que las y los representantes del pueblo deben estar presentes en cada localidad para compartir junto a las y los chaque\u00f1os la fiesta popular. \u201cPara nosotros todos los carnavales son importantes, por eso tratamos de estar presentes en cada localidad de nuestro Chaco y vivir, junto a cada pueblo, esta fiesta popular que nos hermana\u201d, remarc\u00f3.<br>Panzardi resalt\u00f3 por su parte que el carnaval genera trabajo para las familias e impulsa el desarrollo de cada localidad. \u201cVer el crecimiento de cada comparsa a\u00f1o tras a\u00f1o no llena de alegr\u00eda, esta es una fiesta popular que genera trabajo para todas las familias y significa desarrollo para cada localidad. Nosotros, como legisladores de todas las y los chaque\u00f1os, queremos estar siempre presentes acompa\u00f1\u00e1ndolos\u201d, destac\u00f3 la diputada.<br>En tanto Acosta reconoci\u00f3 el esfuerzo de las comparsas en brindar un espect\u00e1culo para toda la familia, super\u00e1ndose a\u00f1o tras a\u00f1o con el acompa\u00f1amiento de los municipios. \u201cEs para destacar el esfuerzo compartido de los municipios como Lapachito y La Escondida en brindar un espect\u00e1culo familiar que llena de alegr\u00eda a los pueblos del interior provincial\u201d, asegur\u00f3 el legislador.<br>Estar cerca de cada pueblo es una pol\u00edtica de Estado<br>Nicol\u00e1s Slimel marc\u00f3 que es fundamental acompa\u00f1ar el desarrollo del carnaval y que esta pol\u00edtica cultural se convierta en una pol\u00edtica de Estado para todos los municipios de la provincia. En ese sentido, agreg\u00f3 que \u201cla verdad que esta iniciativa que ha tomado la presidenta de la Legislatura, de estar cerca de cada pueblo y acompa\u00f1arlos en sus fiestas populares, muestra la importancia que damos desde la Casa de la Democracia de acompa\u00f1ar a cada chaque\u00f1a y chaque\u00f1o compartiendo la alegr\u00eda del carnaval\u201d.<br>Por su parte, el intendente de Lapachito, Roberto Dom\u00ednguez, agradeci\u00f3 el acompa\u00f1amiento de las y los legisladores en los carnavales de ambas localidades. \u201cEs la primera vez que los legisladores nos acompa\u00f1an en esta fiesta que para nosotros es el carnaval, estamos muy agradecidos, porque su presencia engalana nuestra celebraci\u00f3n y nos llena de orgullo compartir con nuestros representantes esta alegr\u00eda\u201d, asegur\u00f3 finalmente el jefe comunal<\/p>\n","protected":false},"excerpt":{"rendered":"<p>Poniendo en valor al carnaval como un hecho cultural, social y tur\u00edstico, la presidenta del Poder Legislativo Elida Cuesta, junto a las y los legisladores, reconoci\u00f3 a los corsos de Lapachito y La Escondida destacando el esfuerzo de las comparsas. Acompa\u00f1aron las y los diputados Claudia Panzardi, Roberto Acosta y Nicol\u00e1s Slimel.Cuesta destac\u00f3 que el [&hellip;]<\/p>\n","protected":false},"author":1,"featured_media":19781,"comment_status":"closed","ping_status":"closed","sticky":false,"template":"","format":"standard","meta":{"footnotes":""},"categories":[6],"tags":[202],"class_list":{"0":"post-19780","1":"post","2":"type-post","3":"status-publish","4":"format-standard","5":"has-post-thumbnail","7":"category-chaco","8":"tag-legislatura"},"_links":{"self":[{"href":"https:\/\/chacosintesis.com.ar\/index.php\/wp-json\/wp\/v2\/posts\/19780","targetHints":{"allow":["GET"]}}],"collection":[{"href":"https:\/\/chacosintesis.com.ar\/index.php\/wp-json\/wp\/v2\/posts"}],"about":[{"href":"https:\/\/chacosintesis.com.ar\/index.php\/wp-json\/wp\/v2\/types\/post"}],"author":[{"embeddable":true,"href":"https:\/\/chacosintesis.com.ar\/index.php\/wp-json\/wp\/v2\/users\/1"}],"replies":[{"embeddable":true,"href":"https:\/\/chacosintesis.com.ar\/index.php\/wp-json\/wp\/v2\/comments?post=19780"}],"version-history":[{"count":0,"href":"https:\/\/chacosintesis.com.ar\/index.php\/wp-json\/wp\/v2\/posts\/19780\/revisions"}],"wp:featuredmedia":[{"embeddable":true,"href":"https:\/\/chacosintesis.com.ar\/index.php\/wp-json\/wp\/v2\/media\/19781"}],"wp:attachment":[{"href":"https:\/\/chacosintesis.com.ar\/index.php\/wp-json\/wp\/v2\/media?parent=19780"}],"wp:term":[{"taxonomy":"category","embeddable":true,"href":"https:\/\/chacosintesis.com.ar\/index.php\/wp-json\/wp\/v2\/categories?post=19780"},{"taxonomy":"post_tag","embeddable":true,"href":"https:\/\/chacosintesis.com.ar\/index.php\/wp-json\/wp\/v2\/tags?post=19780"}],"curies":[{"name":"wp","href":"https:\/\/api.w.org\/{rel}","templated":true}]}}