{"id":19777,"date":"2023-01-14T12:13:00","date_gmt":"2023-01-14T15:13:00","guid":{"rendered":"https:\/\/chacosintesis.com.ar\/?p=19777"},"modified":"2023-03-16T19:03:48","modified_gmt":"2023-03-16T22:03:48","slug":"los-carnavales-de-san-bernardo-recibieron-el-reconocimiento-del-poder-legislativo","status":"publish","type":"post","link":"https:\/\/chacosintesis.com.ar\/index.php\/los-carnavales-de-san-bernardo-recibieron-el-reconocimiento-del-poder-legislativo\/","title":{"rendered":"Los carnavales de San Bernardo recibieron el reconocimiento del Poder Legislativo"},"content":{"rendered":"\n<p>La presidenta del Poder Legislativo, Elida Cuesta, junto a la diputada Claudia Panzardi, particip\u00f3 de los carnavales regionales de San Bernardo y brind\u00f3 un reconocimiento al trabajo que realizan las comparsas Sue\u00f1o Imperial, Nosaxa e Iraz\u00fa. Adem\u00e1s, reconoci\u00f3 el trabajo del municipio local y del intendente Miguel Sotelo para fomentar y organizar esta verdadera fiesta popular.<br>Luego del desfile de las comparsas, Cuesta destac\u00f3 el apoyo que el municipio brinda a las distintas agrupaciones, algo que consider\u00f3 fundamental para desarrollar esta gran fiesta popular. \u201cNuestro compromiso como legisladores es acompa\u00f1ar y reconocer a las agrupaciones que trabajan durante todo el a\u00f1o y ensayan para que vivamos una noche a puro carnaval\u201d, resalt\u00f3.<br>Adem\u00e1s, la titular legislativa agreg\u00f3 que \u201csin importar la cantidad de habitantes que tenga la localidad, las y los diputados estaremos ah\u00ed acompa\u00f1ando y brindando apoyo en todo lo que necesiten\u201d.<br>Por su parte, Panzardi felicit\u00f3 a las y los vecinos de San Bernardo por la brillante fiesta de carnaval que llevan adelante este a\u00f1o, la cual, con mucho esfuerzo durante todo el a\u00f1o, pudo colocarse entre una de las mejores del sudoeste chaque\u00f1o. \u201cRealmente tienen una puesta en escena muy importante, lo que permite que se acerquen muchas personas de la regi\u00f3n y se logre una reactivaci\u00f3n econ\u00f3mica beneficiosa para toda la comunidad\u201d, expres\u00f3 la legisladora.<\/p>\n\n\n\n<p>\u201cLa primera vez en siete a\u00f1os que nos visitan autoridades provinciales\u201d<br>El intendente de San Bernardo, Miguel Sotelo, agradeci\u00f3 el reconocimiento del Poder Legislativo al esfuerzo de un centenar de familias que forman parte de cada una de las agrupaciones que brillan en estos carnavales. \u201cEs la primera vez, en los siete a\u00f1os que ya tiene esta fiesta, que nos visitan autoridades provinciales, por lo que agradecemos este acompa\u00f1amiento que nos sirve para seguir creciendo\u201d, explic\u00f3.<br>Sotelo tambi\u00e9n consider\u00f3 que esta fiesta popular se constituye en una herramienta fundamental para el desarrollo econ\u00f3mico de la Ciudad, ya que atrae turistas de toda la regi\u00f3n reactivando los sectores comercial y gastron\u00f3mico. \u201cA\u00f1o a a\u00f1o vamos creciendo y esto es producto del esfuerzo, el cual se nota en el despliegue que va en aumento en cada edici\u00f3n y, l\u00f3gicamente, nos permite recibir a m\u00e1s turistas que motorizan la econom\u00eda del entretenimiento que generan estos carnavales\u201d, concluy\u00f3 el jefe comunal.<\/p>\n","protected":false},"excerpt":{"rendered":"<p>La presidenta del Poder Legislativo, Elida Cuesta, junto a la diputada Claudia Panzardi, particip\u00f3 de los carnavales regionales de San Bernardo y brind\u00f3 un reconocimiento al trabajo que realizan las comparsas Sue\u00f1o Imperial, Nosaxa e Iraz\u00fa. Adem\u00e1s, reconoci\u00f3 el trabajo del municipio local y del intendente Miguel Sotelo para fomentar y organizar esta verdadera fiesta [&hellip;]<\/p>\n","protected":false},"author":1,"featured_media":19778,"comment_status":"closed","ping_status":"closed","sticky":false,"template":"","format":"standard","meta":{"footnotes":""},"categories":[6],"tags":[202],"class_list":{"0":"post-19777","1":"post","2":"type-post","3":"status-publish","4":"format-standard","5":"has-post-thumbnail","7":"category-chaco","8":"tag-legislatura"},"_links":{"self":[{"href":"https:\/\/chacosintesis.com.ar\/index.php\/wp-json\/wp\/v2\/posts\/19777","targetHints":{"allow":["GET"]}}],"collection":[{"href":"https:\/\/chacosintesis.com.ar\/index.php\/wp-json\/wp\/v2\/posts"}],"about":[{"href":"https:\/\/chacosintesis.com.ar\/index.php\/wp-json\/wp\/v2\/types\/post"}],"author":[{"embeddable":true,"href":"https:\/\/chacosintesis.com.ar\/index.php\/wp-json\/wp\/v2\/users\/1"}],"replies":[{"embeddable":true,"href":"https:\/\/chacosintesis.com.ar\/index.php\/wp-json\/wp\/v2\/comments?post=19777"}],"version-history":[{"count":0,"href":"https:\/\/chacosintesis.com.ar\/index.php\/wp-json\/wp\/v2\/posts\/19777\/revisions"}],"wp:featuredmedia":[{"embeddable":true,"href":"https:\/\/chacosintesis.com.ar\/index.php\/wp-json\/wp\/v2\/media\/19778"}],"wp:attachment":[{"href":"https:\/\/chacosintesis.com.ar\/index.php\/wp-json\/wp\/v2\/media?parent=19777"}],"wp:term":[{"taxonomy":"category","embeddable":true,"href":"https:\/\/chacosintesis.com.ar\/index.php\/wp-json\/wp\/v2\/categories?post=19777"},{"taxonomy":"post_tag","embeddable":true,"href":"https:\/\/chacosintesis.com.ar\/index.php\/wp-json\/wp\/v2\/tags?post=19777"}],"curies":[{"name":"wp","href":"https:\/\/api.w.org\/{rel}","templated":true}]}}