{"id":19771,"date":"2023-02-12T10:52:00","date_gmt":"2023-02-12T13:52:00","guid":{"rendered":"https:\/\/chacosintesis.com.ar\/?p=19771"},"modified":"2023-03-16T18:56:00","modified_gmt":"2023-03-16T21:56:00","slug":"los-megacarnavales-de-villa-angela-recibieron-el-reconocimiento-de-las-y-los-diputados","status":"publish","type":"post","link":"https:\/\/chacosintesis.com.ar\/index.php\/los-megacarnavales-de-villa-angela-recibieron-el-reconocimiento-de-las-y-los-diputados\/","title":{"rendered":"Los megacarnavales de Villa \u00c1ngela recibieron el reconocimiento de las y los diputados"},"content":{"rendered":"\n<p>El Poder Legislativo del Chaco, encabezado por su presidenta Elida Cuesta, nuevamente reconoci\u00f3 el esfuerzo de las comparsas y el municipio de Villa \u00c1ngela que, a\u00f1o tras a\u00f1o, organizan los carnavales que resaltan el potencial art\u00edstico, cultural y tur\u00edstico de toda una comunidad. Junto al intendente Adalberto Papp y a Silvina Canteros Reiser, Roberto Acosta y Nicol\u00e1s Slimel la titular legislativa entreg\u00f3 placas de reconocimiento a las comparsas mayores e infantiles de Bah\u00eda, Ar\u00e1 Sun\u00fa y Hawaianas, que volvieron a competir en el cors\u00f3dromo local.<br>Esta edici\u00f3n de los carnavales del pueblo villangelense ser\u00e1 especial porque se logr\u00f3 la conformaci\u00f3n de la Federaci\u00f3n de Comparsas Unidas Villa \u00c1ngela (Fecuva), integrada por representantes de cada una de las agrupaciones y que tendr\u00e1n la responsabilidad de organizar el espect\u00e1culo.<br>Cuesta destac\u00f3 el esfuerzo del pueblo para brindar un evento de primer nivel que genera un mayor impacto econ\u00f3mico de la ciudad en materia comercial y tur\u00edstica. &#8220;M\u00e1s all\u00e1 del esfuerzo de cada comparsa, los carnavales mueven la econom\u00eda de cada localidad generando trabajo en los sectores tur\u00edstico, gastron\u00f3mico y del entretenimiento, por lo que desde el Estado debemos seguir apoyando para que sigan creciendo&#8221;, asegur\u00f3.<br>Por otro lado, explic\u00f3 que es importante reconocer a las personas que durante todo el a\u00f1o aportaron su granito de arena para que esta fiesta sea un \u00e9xito. \u201cEn esto tambi\u00e9n tiene mucho que ver el intendente Papp, ya que gracias a su buena gesti\u00f3n inaugur\u00f3 el nuevo cors\u00f3dromo para que estos carnavales, que cumplen 51 a\u00f1os, sean disfrutados por toda la comunidad y las y los turistas\u201d, expres\u00f3 Cuesta.<br>Canteros Reiser destac\u00f3 el trabajo de las agrupaciones y asegur\u00f3 que desde el Poder Legislativo se busca continuar incentivarlos para que sigan adelante, siempre con el objetivo de valorar esta fiesta. \u201cEn los \u00faltimos a\u00f1os la situaci\u00f3n sanitaria fue complicada y que en 2023 vuelvan a pleno los carnavales es algo muy importante para esta ciudad\u201d, expres\u00f3 la legisladora.<br>En el mismo sentido, Slimel destac\u00f3 el acompa\u00f1amiento de la Legislatura a todas las comparsas y al intendente, que luego de dos a\u00f1os complicados disfrutaron a pleno de estos carnavales. \u201cA pesar de ser un simple reconocimiento, tiene mucho significado incentivar pol\u00edticas p\u00fablicas que permitan el desarrollo de la econom\u00eda local con un impacto positivo en todo sentido\u201d, asever\u00f3.<br>Roberto Acosta, por su parte, tambi\u00e9n felicit\u00f3 a las distintas comparsas que brindaron un espect\u00e1culo de primer nivel, lo cual genera un impacto positivo en la econom\u00eda local. \u201cEs uno de los mejores corsos de todo el litoral, por lo que es muy importante llevar adelante este reconocimiento para que esta fiesta que se realiza desde hace muchos a\u00f1os contin\u00fae brillando\u201d, manifest\u00f3 el diputado provincial.<\/p>\n\n\n\n<p>Papp: \u201cReconocimiento que nos alienta a seguir creciendo\u201d<br>El intendente Papp agradeci\u00f3 finalmente el reconocimiento y la visita de las y los diputados, algo que consider\u00f3 como un aliento para continuar trabajando en conjunto para que esta fiesta de todos los villangelenses siga brillando. \u201cEstamos muy contentos por el resultado de esta fiesta, por eso tambi\u00e9n agradecemos a todos los vecinos que se acercan a disfrutar de este nuevo cors\u00f3dromo y este reconocimiento nos alienta a seguir creciendo\u201d, agreg\u00f3.<br>El jefe comunal resalt\u00f3 el crecimiento econ\u00f3mico que generan estos corsos, ya que no solo la hoteler\u00eda y la gastronom\u00eda se ven beneficiadas, sino adem\u00e1s distintos rubros comerciales que tambi\u00e9n se ven favorecidos. \u201cViendo el movimiento alrededor de esta fiesta, nos darnos cuenta que la comunidad est\u00e1 feliz y eso es una satisfacci\u00f3n para nosotros\u201d, concluy\u00f3.<\/p>\n","protected":false},"excerpt":{"rendered":"<p>El Poder Legislativo del Chaco, encabezado por su presidenta Elida Cuesta, nuevamente reconoci\u00f3 el esfuerzo de las comparsas y el municipio de Villa \u00c1ngela que, a\u00f1o tras a\u00f1o, organizan los carnavales que resaltan el potencial art\u00edstico, cultural y tur\u00edstico de toda una comunidad. Junto al intendente Adalberto Papp y a Silvina Canteros Reiser, Roberto Acosta [&hellip;]<\/p>\n","protected":false},"author":1,"featured_media":19772,"comment_status":"closed","ping_status":"closed","sticky":false,"template":"","format":"standard","meta":{"footnotes":""},"categories":[6],"tags":[202],"class_list":{"0":"post-19771","1":"post","2":"type-post","3":"status-publish","4":"format-standard","5":"has-post-thumbnail","7":"category-chaco","8":"tag-legislatura"},"_links":{"self":[{"href":"https:\/\/chacosintesis.com.ar\/index.php\/wp-json\/wp\/v2\/posts\/19771","targetHints":{"allow":["GET"]}}],"collection":[{"href":"https:\/\/chacosintesis.com.ar\/index.php\/wp-json\/wp\/v2\/posts"}],"about":[{"href":"https:\/\/chacosintesis.com.ar\/index.php\/wp-json\/wp\/v2\/types\/post"}],"author":[{"embeddable":true,"href":"https:\/\/chacosintesis.com.ar\/index.php\/wp-json\/wp\/v2\/users\/1"}],"replies":[{"embeddable":true,"href":"https:\/\/chacosintesis.com.ar\/index.php\/wp-json\/wp\/v2\/comments?post=19771"}],"version-history":[{"count":0,"href":"https:\/\/chacosintesis.com.ar\/index.php\/wp-json\/wp\/v2\/posts\/19771\/revisions"}],"wp:featuredmedia":[{"embeddable":true,"href":"https:\/\/chacosintesis.com.ar\/index.php\/wp-json\/wp\/v2\/media\/19772"}],"wp:attachment":[{"href":"https:\/\/chacosintesis.com.ar\/index.php\/wp-json\/wp\/v2\/media?parent=19771"}],"wp:term":[{"taxonomy":"category","embeddable":true,"href":"https:\/\/chacosintesis.com.ar\/index.php\/wp-json\/wp\/v2\/categories?post=19771"},{"taxonomy":"post_tag","embeddable":true,"href":"https:\/\/chacosintesis.com.ar\/index.php\/wp-json\/wp\/v2\/tags?post=19771"}],"curies":[{"name":"wp","href":"https:\/\/api.w.org\/{rel}","templated":true}]}}