{"id":19765,"date":"2023-02-10T17:08:00","date_gmt":"2023-02-10T20:08:00","guid":{"rendered":"https:\/\/chacosintesis.com.ar\/?p=19765"},"modified":"2023-03-16T18:50:19","modified_gmt":"2023-03-16T21:50:19","slug":"eli-cuesta-recorrio-colonia-aborigen-y-escucho-las-demandas-que-tiene-esta-comunidad-que-busca-municipalizarse","status":"publish","type":"post","link":"https:\/\/chacosintesis.com.ar\/index.php\/eli-cuesta-recorrio-colonia-aborigen-y-escucho-las-demandas-que-tiene-esta-comunidad-que-busca-municipalizarse\/","title":{"rendered":"Eli Cuesta recorri\u00f3 Colonia Aborigen y escuch\u00f3 las demandas que tiene esta comunidad que busca municipalizarse"},"content":{"rendered":"\n<p>Teniendo como objetivo primordial mantener un contacto directo con cada chaque\u00f1a y cada chaque\u00f1o, Eli Cuesta visit\u00f3 este viernes Colonia Aborigen para reunirse con miembros de la comunidad e interiorizarse de las principales necesidades que tiene este paraje que busca municipalizarse. Junto a las y los vecinos, la titular de la Legislatura provincial trabaj\u00f3 sobre un anteproyecto de recuperaci\u00f3n de la plaza principal, un espacio p\u00fablico muy solicitado por la comunidad.<br>Tambi\u00e9n particip\u00f3 del encuentro el referente local Mateo Vucko, as\u00ed como la diputada provincial Andrea Charole y los concejales capitalinos Agust\u00edn Romero, Soledad Villagra y Katia Blanc.<br>Cuesta explic\u00f3 que si bien el proceso de municipalizaci\u00f3n se inici\u00f3 en 2015 con la aprobaci\u00f3n de una ley, todav\u00eda resta la aprobaci\u00f3n del proyecto de ley que estipula la ampliaci\u00f3n del ejido municipal, necesario por parte de Diputados. \u201cEste ser\u00e1 un a\u00f1o muy importante para Colonia Aborigen, pero a\u00fan restan resolverse cuestiones importantes como la del ejido municipal y otras necesidades b\u00e1sicas\u201d, expres\u00f3 la legisladora.<br>Eli asegur\u00f3 que mantener la cercan\u00eda con la gente es fundamental, as\u00ed como escuchar lo que necesita en el lugar en el que vive y trabajar para solucionar esas demandas. \u201cPor ah\u00ed se hacen algunos proyectos grandilocuentes y la gente pide mucho menos de lo que en una oficina en Resistencia se puede planificar, por eso nuestra idea es planificar desde el territorio, junto a la comunidad\u201d, asegur\u00f3.<br>Adem\u00e1s, manifest\u00f3 que, como sucede en distintas localidades, las y los vecinos tienen muchas preocupaciones y es necesario estar junto a ellos para explicarles cu\u00e1les son las propuestas que uno tiene. Es por eso que en la reuni\u00f3n se avanz\u00f3 con la presentaci\u00f3n del anteproyecto para recuperar la plaza principal de la colonia, con la instalaci\u00f3n de juegos para las y los chicos y un espacio para las y los artesanos. \u201cQueremos recuperar este lugar para que se convierta en un lugar de integraci\u00f3n en el que todos participen y compartan momentos agradables sin tener que trasladarse hacia otras ciudades. Ellos, mejor que nadie, saben lo que necesitan para este lugar, por lo que trabajaremos juntos para concretarlo\u201d, concluy\u00f3.<\/p>\n\n\n\n<p>Agradecimiento de la comunidad por la visita<br>El vecino y referente de Colonia Aborigen, Mateo Vucko, agradeci\u00f3 la visita de la titular legislativa y de los concejales capitalinos, quienes con el objetivo de conocer nuestras necesidades y acercar propuestas para resolverlas, participaron de una concurrida reuni\u00f3n en la plaza principal, un espacio que necesita ser recuperado. \u201cEli se comprometi\u00f3 a realizar las gestiones necesarias para concretar este sue\u00f1o de la plaza nueva y tambi\u00e9n nos adelant\u00f3 que buscar\u00e1 acelerar y agilizar el tratamiento y aprobaci\u00f3n de la ampliaci\u00f3n del ejido municipal, algo necesario para concertar nuestro sue\u00f1o de municipalizaci\u00f3n\u201d, explic\u00f3 el referente local.<br>Para finalizar, Vucko expres\u00f3 adem\u00e1s que se dialog\u00f3 sobre las necesidades que se tienen en materia de agua potable, viviendas y servicios b\u00e1sicos, algo que viene siendo reclamado por la comunidad hace a\u00f1os y que no fue atendido correctamente. \u201cTodos los vecinos que participaron est\u00e1n muy emocionados por lo conversado en esta reuni\u00f3n, por lo que agradecemos este compromiso de Eli y el equipo de trabajo de Gustavo Mart\u00ednez\u201d, concluy\u00f3.<\/p>\n","protected":false},"excerpt":{"rendered":"<p>Teniendo como objetivo primordial mantener un contacto directo con cada chaque\u00f1a y cada chaque\u00f1o, Eli Cuesta visit\u00f3 este viernes Colonia Aborigen para reunirse con miembros de la comunidad e interiorizarse de las principales necesidades que tiene este paraje que busca municipalizarse. Junto a las y los vecinos, la titular de la Legislatura provincial trabaj\u00f3 sobre [&hellip;]<\/p>\n","protected":false},"author":1,"featured_media":19766,"comment_status":"closed","ping_status":"closed","sticky":false,"template":"","format":"standard","meta":{"footnotes":""},"categories":[6],"tags":[202],"class_list":{"0":"post-19765","1":"post","2":"type-post","3":"status-publish","4":"format-standard","5":"has-post-thumbnail","7":"category-chaco","8":"tag-legislatura"},"_links":{"self":[{"href":"https:\/\/chacosintesis.com.ar\/index.php\/wp-json\/wp\/v2\/posts\/19765","targetHints":{"allow":["GET"]}}],"collection":[{"href":"https:\/\/chacosintesis.com.ar\/index.php\/wp-json\/wp\/v2\/posts"}],"about":[{"href":"https:\/\/chacosintesis.com.ar\/index.php\/wp-json\/wp\/v2\/types\/post"}],"author":[{"embeddable":true,"href":"https:\/\/chacosintesis.com.ar\/index.php\/wp-json\/wp\/v2\/users\/1"}],"replies":[{"embeddable":true,"href":"https:\/\/chacosintesis.com.ar\/index.php\/wp-json\/wp\/v2\/comments?post=19765"}],"version-history":[{"count":0,"href":"https:\/\/chacosintesis.com.ar\/index.php\/wp-json\/wp\/v2\/posts\/19765\/revisions"}],"wp:featuredmedia":[{"embeddable":true,"href":"https:\/\/chacosintesis.com.ar\/index.php\/wp-json\/wp\/v2\/media\/19766"}],"wp:attachment":[{"href":"https:\/\/chacosintesis.com.ar\/index.php\/wp-json\/wp\/v2\/media?parent=19765"}],"wp:term":[{"taxonomy":"category","embeddable":true,"href":"https:\/\/chacosintesis.com.ar\/index.php\/wp-json\/wp\/v2\/categories?post=19765"},{"taxonomy":"post_tag","embeddable":true,"href":"https:\/\/chacosintesis.com.ar\/index.php\/wp-json\/wp\/v2\/tags?post=19765"}],"curies":[{"name":"wp","href":"https:\/\/api.w.org\/{rel}","templated":true}]}}