{"id":19756,"date":"2023-02-07T12:37:00","date_gmt":"2023-02-07T15:37:00","guid":{"rendered":"https:\/\/chacosintesis.com.ar\/?p=19756"},"modified":"2023-03-16T18:42:25","modified_gmt":"2023-03-16T21:42:25","slug":"reconocimiento-del-poder-legislativo-a-las-comparsas-y-murgas-en-la-ultima-noche-de-corsos-en-la-verde","status":"publish","type":"post","link":"https:\/\/chacosintesis.com.ar\/index.php\/reconocimiento-del-poder-legislativo-a-las-comparsas-y-murgas-en-la-ultima-noche-de-corsos-en-la-verde\/","title":{"rendered":"Reconocimiento del Poder Legislativo a las comparsas y murgas en la \u00faltima noche de corsos en La Verde"},"content":{"rendered":"\n<p>La presidenta del Poder Legislativo, Elida Cuesta, junto a las y los diputados Gricelda Ojeda, Claudia Panzardi y Roberto Acosta, particip\u00f3 de la \u00faltima noche de los carnavales en La Verde, donde brindaron un reconocimiento al arduo trabajo que realizan las comparsas Isla Encantada y Perla Samba, as\u00ed como las murgas La que te cave (Club Atl\u00e9tico Villa Elena) y Mamarrachos.<br>Tras observar el potencial art\u00edstico y cultural de las distintas agrupaciones, Cuesta consider\u00f3 como muy importante participar de los carnavales chaque\u00f1os y acompa\u00f1ar a todos los municipios. \u201cHay que estar junto a ellos, ayudarlos e incentivarlos para que sigan trabajando en esto que tan bien recibido es por la comunidad\u201d, agreg\u00f3.<br>La titular legislativa asegur\u00f3 que, sin importar la cantidad de habitantes que tenga la localidad, las y los diputados estar\u00e1n ah\u00ed acompa\u00f1ando y brindando apoyo en todo lo que necesiten. \u201cComo todos los a\u00f1os, el Poder Legislativo estar\u00e1 presente junto a las y los vecinos de las localidades del interior para reconocer el esfuerzo y compartir esta fiesta del carnaval\u201d, a\u00f1adi\u00f3 la presidenta.<br><em>Una verdadera fiesta de la gente<\/em><br>En ese sentido, Acosta destac\u00f3 la participaci\u00f3n del Poder Legislativo, acompa\u00f1ando el trabajo de las comparsas, ya que \u201cresignifica todo lo que tiene que ver con la cultura, con el arte, con el baile y con todos nuestros artistas. Muy feliz de participar con el pueblo de esta fiesta que es una caricia para el alma\u201d.<br>Ojeda marc\u00f3, por su parte, la importancia de estar en este tipo de eventos que disfrutan todos los pueblos. \u201cEstamos felices de estar al lado de estos artistas, destaco su esfuerzo y participaci\u00f3n, por lo que reconocemos desde el Poder Legislativo el esmero que ponen para divertir a las familias, a las ni\u00f1as, ni\u00f1os, adolescentes y a todos los que asisten a las comparsas\u201d.<br>Finalmente, el jefe comunal local Ra\u00fal Ram\u00f3n Pe\u00f1a no dej\u00f3 pasar la oportunidad para valorar el trabajo de todas las familias para que este espect\u00e1culo sea una realidad. As\u00ed, record\u00f3 el eslogan de la localidad \u201cNosotros somos pueblo\u201d y destac\u00f3 la presencia en los corsos de las y los legisladores, lo cual \u201cengalana esta verdadera fiesta de la gente\u201d.<\/p>\n","protected":false},"excerpt":{"rendered":"<p>La presidenta del Poder Legislativo, Elida Cuesta, junto a las y los diputados Gricelda Ojeda, Claudia Panzardi y Roberto Acosta, particip\u00f3 de la \u00faltima noche de los carnavales en La Verde, donde brindaron un reconocimiento al arduo trabajo que realizan las comparsas Isla Encantada y Perla Samba, as\u00ed como las murgas La que te cave [&hellip;]<\/p>\n","protected":false},"author":1,"featured_media":19757,"comment_status":"closed","ping_status":"closed","sticky":false,"template":"","format":"standard","meta":{"footnotes":""},"categories":[6],"tags":[202],"class_list":{"0":"post-19756","1":"post","2":"type-post","3":"status-publish","4":"format-standard","5":"has-post-thumbnail","7":"category-chaco","8":"tag-legislatura"},"_links":{"self":[{"href":"https:\/\/chacosintesis.com.ar\/index.php\/wp-json\/wp\/v2\/posts\/19756","targetHints":{"allow":["GET"]}}],"collection":[{"href":"https:\/\/chacosintesis.com.ar\/index.php\/wp-json\/wp\/v2\/posts"}],"about":[{"href":"https:\/\/chacosintesis.com.ar\/index.php\/wp-json\/wp\/v2\/types\/post"}],"author":[{"embeddable":true,"href":"https:\/\/chacosintesis.com.ar\/index.php\/wp-json\/wp\/v2\/users\/1"}],"replies":[{"embeddable":true,"href":"https:\/\/chacosintesis.com.ar\/index.php\/wp-json\/wp\/v2\/comments?post=19756"}],"version-history":[{"count":0,"href":"https:\/\/chacosintesis.com.ar\/index.php\/wp-json\/wp\/v2\/posts\/19756\/revisions"}],"wp:featuredmedia":[{"embeddable":true,"href":"https:\/\/chacosintesis.com.ar\/index.php\/wp-json\/wp\/v2\/media\/19757"}],"wp:attachment":[{"href":"https:\/\/chacosintesis.com.ar\/index.php\/wp-json\/wp\/v2\/media?parent=19756"}],"wp:term":[{"taxonomy":"category","embeddable":true,"href":"https:\/\/chacosintesis.com.ar\/index.php\/wp-json\/wp\/v2\/categories?post=19756"},{"taxonomy":"post_tag","embeddable":true,"href":"https:\/\/chacosintesis.com.ar\/index.php\/wp-json\/wp\/v2\/tags?post=19756"}],"curies":[{"name":"wp","href":"https:\/\/api.w.org\/{rel}","templated":true}]}}