{"id":19747,"date":"2023-02-04T09:03:00","date_gmt":"2023-02-04T12:03:00","guid":{"rendered":"https:\/\/chacosintesis.com.ar\/?p=19747"},"modified":"2023-03-16T18:22:30","modified_gmt":"2023-03-16T21:22:30","slug":"el-poder-legislativo-acompano-a-las-y-los-sanmartinianos-en-una-nueva-noche-de-carnaval","status":"publish","type":"post","link":"https:\/\/chacosintesis.com.ar\/index.php\/el-poder-legislativo-acompano-a-las-y-los-sanmartinianos-en-una-nueva-noche-de-carnaval\/","title":{"rendered":"El Poder Legislativo acompa\u00f1\u00f3 a las y los sanmartinianos en una nueva noche de carnaval"},"content":{"rendered":"\n<p>Con la premisa de poner en valor el potencial art\u00edstico, cultural y tur\u00edstico de cada localidad, la presidenta del Poder Legislativo, Elida Cuesta, junto a legisladoras y legisladores de distintos bloques pol\u00edticos, particip\u00f3, este viernes, de una nueva noche de carnaval en General San Mart\u00edn. Las y los diputados reconocieron a las comparsas Yas\u00ed Poracitos, Sapuk\u00edn, Yas\u00ed Por\u00e1, Sapukay y Choch\u00ed Ver\u00e1.<br>Participaron de la jornada el intendente local Mauro Leiva y las y los legisladores Zulma Galeano, Leandro Zdero, Claudia Panzardi, Gricelda Ojeda, Dorys Arkwright, Roberto Acosta, Juan Carlos Ayala, Nicol\u00e1s Slimel y Elda Insaurralde.<br>Cuesta destac\u00f3 el esfuerzo del pueblo sanmartiniano en brindar un espect\u00e1culo de primer nivel. &#8220;Los carnavales provinciales siguen creciendo y se ve el esfuerzo de cada pueblo en brindar un espect\u00e1culo de primer nivel para que las y los chaque\u00f1os podamos disfrutar, y las y los sanmartinianos no son la excepci\u00f3n&#8221;, manifest\u00f3 la titular legislativa.<br>Adem\u00e1s, la presidenta de la Casa de la Democracia remarc\u00f3 que las fiestas populares generan un impacto positivo en la econom\u00eda provincial. &#8220;M\u00e1s all\u00e1 del esfuerzo de cada comparsa, el carnaval mueve la econom\u00eda de cada localidad generando trabajo en los sectores tur\u00edstico, gastron\u00f3mico y del entretenimiento, por lo que desde el Estado debemos seguir apoyando para que siga creciendo&#8221;, asegur\u00f3.<\/p>\n\n\n\n<p>Zulma Galeano: &#8220;Estar cerca de la gente es acompa\u00f1ar la alegr\u00eda del carnaval&#8221;<br>La diputada Zulma Galeano destac\u00f3 el trabajo de las y los comparseros resaltando que los carnavales son motivo de orgullo para el pueblo. &#8220;Feliz al destacar la cuesti\u00f3n cultural y art\u00edstica de nuestro pueblo sanmartiniano. Creo que estar cerca de la gente tambi\u00e9n es acompa\u00f1ar la alegr\u00eda de cada localidad al celebrar sus fiestas populares&#8221;, asever\u00f3 la legisladora.<br>Asimismo, el diputado Nicol\u00e1s Slimel manifest\u00f3 su satisfacci\u00f3n al ver la felicidad de la gente durante los carnavales. &#8220;Nos pone contentos compartir con todo el pueblo de General San Mart\u00edn este momento que solo lo generan los carnavales chaque\u00f1os, en los que cada pueblo se esfuerza para brindar lo mejor&#8221;, asever\u00f3.<\/p>\n\n\n\n<p>Mauro Leiva: &#8220;Agradecemos el acompa\u00f1amiento de las y los legisladores&#8221;<br>El intendente Mauro Leiva manifest\u00f3 su alegr\u00eda y el orgullo de las y los sanmartinianos por vivir la alegr\u00eda del carnaval. &#8220;Estamos orgullosos de recibir a nuestros legisladores por m\u00e1s de seis noches. San Mart\u00edn albergar\u00e1 a m\u00e1s de 25 mil personas en una fiesta popular para todas las familias&#8221;, asever\u00f3 el jefe comunal<\/p>\n","protected":false},"excerpt":{"rendered":"<p>Con la premisa de poner en valor el potencial art\u00edstico, cultural y tur\u00edstico de cada localidad, la presidenta del Poder Legislativo, Elida Cuesta, junto a legisladoras y legisladores de distintos bloques pol\u00edticos, particip\u00f3, este viernes, de una nueva noche de carnaval en General San Mart\u00edn. Las y los diputados reconocieron a las comparsas Yas\u00ed Poracitos, [&hellip;]<\/p>\n","protected":false},"author":1,"featured_media":19748,"comment_status":"closed","ping_status":"closed","sticky":false,"template":"","format":"standard","meta":{"footnotes":""},"categories":[6],"tags":[202],"class_list":{"0":"post-19747","1":"post","2":"type-post","3":"status-publish","4":"format-standard","5":"has-post-thumbnail","7":"category-chaco","8":"tag-legislatura"},"_links":{"self":[{"href":"https:\/\/chacosintesis.com.ar\/index.php\/wp-json\/wp\/v2\/posts\/19747","targetHints":{"allow":["GET"]}}],"collection":[{"href":"https:\/\/chacosintesis.com.ar\/index.php\/wp-json\/wp\/v2\/posts"}],"about":[{"href":"https:\/\/chacosintesis.com.ar\/index.php\/wp-json\/wp\/v2\/types\/post"}],"author":[{"embeddable":true,"href":"https:\/\/chacosintesis.com.ar\/index.php\/wp-json\/wp\/v2\/users\/1"}],"replies":[{"embeddable":true,"href":"https:\/\/chacosintesis.com.ar\/index.php\/wp-json\/wp\/v2\/comments?post=19747"}],"version-history":[{"count":0,"href":"https:\/\/chacosintesis.com.ar\/index.php\/wp-json\/wp\/v2\/posts\/19747\/revisions"}],"wp:featuredmedia":[{"embeddable":true,"href":"https:\/\/chacosintesis.com.ar\/index.php\/wp-json\/wp\/v2\/media\/19748"}],"wp:attachment":[{"href":"https:\/\/chacosintesis.com.ar\/index.php\/wp-json\/wp\/v2\/media?parent=19747"}],"wp:term":[{"taxonomy":"category","embeddable":true,"href":"https:\/\/chacosintesis.com.ar\/index.php\/wp-json\/wp\/v2\/categories?post=19747"},{"taxonomy":"post_tag","embeddable":true,"href":"https:\/\/chacosintesis.com.ar\/index.php\/wp-json\/wp\/v2\/tags?post=19747"}],"curies":[{"name":"wp","href":"https:\/\/api.w.org\/{rel}","templated":true}]}}