{"id":19743,"date":"2023-02-03T10:17:00","date_gmt":"2023-02-03T13:17:00","guid":{"rendered":"https:\/\/chacosintesis.com.ar\/?p=19743"},"modified":"2023-03-16T18:20:13","modified_gmt":"2023-03-16T21:20:13","slug":"cuesta-resistencia-crece-con-un-pueblo-unido-en-la-diversidad","status":"publish","type":"post","link":"https:\/\/chacosintesis.com.ar\/index.php\/cuesta-resistencia-crece-con-un-pueblo-unido-en-la-diversidad\/","title":{"rendered":"Cuesta: &#8220;Resistencia crece con un pueblo unido en la diversidad&#8221;"},"content":{"rendered":"\n<p>La presidenta del Poder Legislativo, Elida Cuesta, particip\u00f3, este jueves, de los festejos por los 145 a\u00f1os de la fundaci\u00f3n de Resistencia. La legisladora resalt\u00f3 el crecimiento de la capital chaque\u00f1a y la diversidad \u00e9tnica, religiosa y cultural de su pueblo. &#8220;Resistencia crece gracias al esfuerzo de un pueblo unido que trabaja todos los d\u00edas para hacer de la ciudad la gran capital de todas las chaque\u00f1as y los chaque\u00f1os&#8221;, manifest\u00f3.<br>Adem\u00e1s, destac\u00f3 la pol\u00edtica p\u00fablica de recuperar espacios verdes llevada adelante por la comuna capitalina. &#8220;Vemos que el municipio est\u00e1 realizando un mont\u00f3n de obras que tienen como objeto la recuperaci\u00f3n de plazas y espacios verdes, lo cual promueve el encuentro y el desarrollo de la comunidad&#8221;, asever\u00f3 la legisladora.<br>Por otra parte, Cuesta marc\u00f3 la importancia de recuperar la cercan\u00eda y el contacto con la gente. &#8220;Vivimos un mes lleno de festejos, festivales y reconocimientos, lo que nos permite el reencuentro con nuestro pueblo compartiendo con las familias&#8221;, resalt\u00f3.<br>Asimismo, la titular legislativa remarc\u00f3 el impulso que se da al sector privado con pol\u00edticas activas que promueven el emprendedurismo. &#8220;Disfrutar de bandas y eventos es muy importante para el disfrute de las familias, pero tambi\u00e9n para impulsar a las y los emprendedores, quienes dinamizan al sector privado&#8221;, asever\u00f3 finalmente.<\/p>\n","protected":false},"excerpt":{"rendered":"<p>La presidenta del Poder Legislativo, Elida Cuesta, particip\u00f3, este jueves, de los festejos por los 145 a\u00f1os de la fundaci\u00f3n de Resistencia. La legisladora resalt\u00f3 el crecimiento de la capital chaque\u00f1a y la diversidad \u00e9tnica, religiosa y cultural de su pueblo. &#8220;Resistencia crece gracias al esfuerzo de un pueblo unido que trabaja todos los d\u00edas [&hellip;]<\/p>\n","protected":false},"author":1,"featured_media":19744,"comment_status":"closed","ping_status":"closed","sticky":false,"template":"","format":"standard","meta":{"footnotes":""},"categories":[6],"tags":[202],"class_list":{"0":"post-19743","1":"post","2":"type-post","3":"status-publish","4":"format-standard","5":"has-post-thumbnail","7":"category-chaco","8":"tag-legislatura"},"_links":{"self":[{"href":"https:\/\/chacosintesis.com.ar\/index.php\/wp-json\/wp\/v2\/posts\/19743","targetHints":{"allow":["GET"]}}],"collection":[{"href":"https:\/\/chacosintesis.com.ar\/index.php\/wp-json\/wp\/v2\/posts"}],"about":[{"href":"https:\/\/chacosintesis.com.ar\/index.php\/wp-json\/wp\/v2\/types\/post"}],"author":[{"embeddable":true,"href":"https:\/\/chacosintesis.com.ar\/index.php\/wp-json\/wp\/v2\/users\/1"}],"replies":[{"embeddable":true,"href":"https:\/\/chacosintesis.com.ar\/index.php\/wp-json\/wp\/v2\/comments?post=19743"}],"version-history":[{"count":0,"href":"https:\/\/chacosintesis.com.ar\/index.php\/wp-json\/wp\/v2\/posts\/19743\/revisions"}],"wp:featuredmedia":[{"embeddable":true,"href":"https:\/\/chacosintesis.com.ar\/index.php\/wp-json\/wp\/v2\/media\/19744"}],"wp:attachment":[{"href":"https:\/\/chacosintesis.com.ar\/index.php\/wp-json\/wp\/v2\/media?parent=19743"}],"wp:term":[{"taxonomy":"category","embeddable":true,"href":"https:\/\/chacosintesis.com.ar\/index.php\/wp-json\/wp\/v2\/categories?post=19743"},{"taxonomy":"post_tag","embeddable":true,"href":"https:\/\/chacosintesis.com.ar\/index.php\/wp-json\/wp\/v2\/tags?post=19743"}],"curies":[{"name":"wp","href":"https:\/\/api.w.org\/{rel}","templated":true}]}}