{"id":19740,"date":"2023-02-01T11:13:00","date_gmt":"2023-02-01T14:13:00","guid":{"rendered":"https:\/\/chacosintesis.com.ar\/?p=19740"},"modified":"2023-03-16T18:16:54","modified_gmt":"2023-03-16T21:16:54","slug":"el-poder-legislativo-entrego-donaciones-al-centro-de-excombatientes-de-charata","status":"publish","type":"post","link":"https:\/\/chacosintesis.com.ar\/index.php\/el-poder-legislativo-entrego-donaciones-al-centro-de-excombatientes-de-charata\/","title":{"rendered":"El Poder Legislativo entreg\u00f3 donaciones al Centro de Excombatientes de Charata"},"content":{"rendered":"\n<p>Continuando con las recorridas por el interior provincial, la presidenta del Poder Legislativo, Elida Cuesta, visit\u00f3 el Centro de Excombatientes Soldado Juan Roberto Ledesma, de Charata, para entregar una donaci\u00f3n consistente en un acondicionador de aire split a cargo de las y los legisladores provinciales como parte del compromiso asumido durante el desarrollo del programa Sesionemos Juntos. Tras la reuni\u00f3n con los h\u00e9roes de la Patria, la titular legislativa se\u00f1al\u00f3 que la Legislatura provincial continuar\u00e1 llegando a cada instituci\u00f3n, asociaci\u00f3n y organizaci\u00f3n para recabar los temas que se necesiten tratar en el recinto y escuchar las demandas. \u201cCumplimos con nuestra palabra gracias a todas y todos los diputados que han colaborado\u201d, asever\u00f3.<br>Cuesta manifest\u00f3 que en el \u00faltimo Sesionemos Juntos que se realiz\u00f3 en Charata se homenaje\u00f3 a los h\u00e9roes, quienes plantearon la necesidad de contar con un acondicionador de aire para sumarlo a las remodelaciones que realizar\u00e1n a su centro. &#8220;Este aporte ayuda a que tengan un lugar m\u00e1s adecuado, mejorando las condiciones para trabajar m\u00e1s c\u00f3modos, brindando asesoramiento permanente a los excombatientes y a sus familias\u201d, a\u00f1adi\u00f3.<br>Para la titular del Parlamento chaque\u00f1o es imprescindible continuar con las visitas al interior para que la legislaci\u00f3n llegue a quienes m\u00e1s lo necesitan. \u201cPara el Poder Legislativo es un orgullo colaborar y estar m\u00e1s cerca, con un contacto directo que signifique que podemos seguir avanzando en leyes que mejoren su calidad de vida y la de sus familiares\u201d, expres\u00f3.<br>An\u00edbal Sanato, presidente de la asociaci\u00f3n, agradeci\u00f3 a las y los legisladores como as\u00ed tambi\u00e9n mencion\u00f3 que este artefacto es parte de la remodelaci\u00f3n que se est\u00e1 realizando en el centro. \u201cEs para el veterano, es para un bien, es para nuestra casa\u201d, remarc\u00f3. Y se\u00f1al\u00f3 que \u201ceste proceso de malvinizaci\u00f3n de la sociedad chaque\u00f1a es muy importante para recordar a\u00fan m\u00e1s a quienes fueron sus h\u00e9roes. En nombre de los excombatientes, estamos muy agradecidos\u201d.<br>Por su parte, la intendenta de la localidad, Alejandra Campos, manifest\u00f3 que el programa Sesionemos Juntos ayud\u00f3 a acercar a las y los legisladores provinciales a los pueblos de todo el Chaco para concretar no solo leyes, sino que las demandas sean escuchadas. \u201cDesde el municipio acompa\u00f1amos la remodelaci\u00f3n del Centro de Excombatientes y estamos muy agradecidos de que nuestro Poder Legislativo est\u00e9 presente junto a los veteranos de Malvinas y los emprendimientos productivos que hacen grande a nuestra regi\u00f3n\u201d, remarc\u00f3.<\/p>\n\n\n\n<p>Reconocimiento a la empresa hormigonera Hormigom<br>La Legislatura tambi\u00e9n reconoci\u00f3 la trayectoria de un emprendimiento privado que desde 2016 permite la generaci\u00f3n de empleo genuino para los charatenses. Como tantas empresas productivas de la regi\u00f3n, Hormigom naci\u00f3 con la idea de innovar en el proceso de construcci\u00f3n y que esto lleve a desarrollar la ciudad con calidad y servicio.<br>El titular de la firma, Alfredo G\u00f3mez, expres\u00f3 que &#8220;este gesto nos impulsa a\u00fan m\u00e1s en lo que hacemos, nos sentimos acompa\u00f1ados desde el Estado, ya que pudimos conversar con nuestros representantes y eso es bueno, que nos escuchen&#8221;.<\/p>\n","protected":false},"excerpt":{"rendered":"<p>Continuando con las recorridas por el interior provincial, la presidenta del Poder Legislativo, Elida Cuesta, visit\u00f3 el Centro de Excombatientes Soldado Juan Roberto Ledesma, de Charata, para entregar una donaci\u00f3n consistente en un acondicionador de aire split a cargo de las y los legisladores provinciales como parte del compromiso asumido durante el desarrollo del programa [&hellip;]<\/p>\n","protected":false},"author":1,"featured_media":19741,"comment_status":"closed","ping_status":"closed","sticky":false,"template":"","format":"standard","meta":{"footnotes":""},"categories":[6],"tags":[202],"class_list":{"0":"post-19740","1":"post","2":"type-post","3":"status-publish","4":"format-standard","5":"has-post-thumbnail","7":"category-chaco","8":"tag-legislatura"},"_links":{"self":[{"href":"https:\/\/chacosintesis.com.ar\/index.php\/wp-json\/wp\/v2\/posts\/19740","targetHints":{"allow":["GET"]}}],"collection":[{"href":"https:\/\/chacosintesis.com.ar\/index.php\/wp-json\/wp\/v2\/posts"}],"about":[{"href":"https:\/\/chacosintesis.com.ar\/index.php\/wp-json\/wp\/v2\/types\/post"}],"author":[{"embeddable":true,"href":"https:\/\/chacosintesis.com.ar\/index.php\/wp-json\/wp\/v2\/users\/1"}],"replies":[{"embeddable":true,"href":"https:\/\/chacosintesis.com.ar\/index.php\/wp-json\/wp\/v2\/comments?post=19740"}],"version-history":[{"count":0,"href":"https:\/\/chacosintesis.com.ar\/index.php\/wp-json\/wp\/v2\/posts\/19740\/revisions"}],"wp:featuredmedia":[{"embeddable":true,"href":"https:\/\/chacosintesis.com.ar\/index.php\/wp-json\/wp\/v2\/media\/19741"}],"wp:attachment":[{"href":"https:\/\/chacosintesis.com.ar\/index.php\/wp-json\/wp\/v2\/media?parent=19740"}],"wp:term":[{"taxonomy":"category","embeddable":true,"href":"https:\/\/chacosintesis.com.ar\/index.php\/wp-json\/wp\/v2\/categories?post=19740"},{"taxonomy":"post_tag","embeddable":true,"href":"https:\/\/chacosintesis.com.ar\/index.php\/wp-json\/wp\/v2\/tags?post=19740"}],"curies":[{"name":"wp","href":"https:\/\/api.w.org\/{rel}","templated":true}]}}