{"id":19736,"date":"2023-03-16T17:44:26","date_gmt":"2023-03-16T20:44:26","guid":{"rendered":"https:\/\/chacosintesis.com.ar\/?p=19736"},"modified":"2023-03-16T18:07:35","modified_gmt":"2023-03-16T21:07:35","slug":"chaco-definio-el-calendario-electoral-2023","status":"publish","type":"post","link":"https:\/\/chacosintesis.com.ar\/index.php\/chaco-definio-el-calendario-electoral-2023\/","title":{"rendered":"Chaco defini\u00f3 el calendario electoral 2023"},"content":{"rendered":"<p>Para las elecciones PASO, para las generales y posible segunda vuelta para elegir gobernador, vice y legisladores.<\/p>\n<p>El gobernador Jorge Capitanich rubric\u00f3 este jueves 16 de marzo el Decreto 536\/23, a trav\u00e9s del cual se convoca al electorado de la Provincia del Chaco para el 18 de junio de 2023, a las elecciones Primarias, Abiertas, Simult\u00e1neas y Obligatorias (PASO), para la elecci\u00f3n de candidatos a gobernador y vicegobernador y 16 candidatos a Diputados Provinciales y sus respectivos suplentes. A su vez, el instrumento legal firmado por el titular del Ejecutivo chaque\u00f1o y el ministro de Gobierno y Trabajo, Juan Manuel Chapo, convoca al electorado de la Provincia del Chaco para el d\u00eda 17 de septiembre de 2023, para elegir gobernador, vicegobernador y diecis\u00e9is diputados provinciales y sus respectivos suplentes.<br \/>\nEn tanto, convoca al electorado provincial para elegir el 8 de octubre de 2023, si correspondiere, en segunda vuelta electoral, gobernador y vicegobernador de la Provincia. El Decreto en cuesti\u00f3n invita a los municipios de la Provincia del Chaco a unificar sus respectivas elecciones municipales para los d\u00edas 18 de junio y 17 de septiembre, respectivamente, del a\u00f1o 2023. Finalmente, deja sin efecto en todas sus partes, el Decreto N\u00b0 3087\/22.<br \/>\nEntre los Considerandos se fundamente que el 10 de diciembre del a\u00f1o 2023, caducan los mandatos del gobernador y vicegobernador de la Provincia del Chaco y 16 diputados provinciales y de todos los intendentes y concejales provinciales. As\u00ed, conforme la Ley Electoral Provincial N\u00ba 834-Q, en sus Art\u00edculos 48 y 49; y la Ley N\u00ba 2073- Q ,en su Art\u00edculo 3\u00b0, y en virtud de lo establecido mediante la Sentencia N\u00b0 23 de fecha 13 de marzo de 2023, del Superior Tribunal de Justicia de la Provincia, se faculta al Poder Ejecutivo a convocar a elecciones en los casos y los tiempos determinados en la Constituci\u00f3n Provincial o la Ley que con arreglo a la misma rige en la materia.<br \/>\nAsimismo, se fundamenta que resulta procedente invitar a todos los Municipios de la Provincia del Chaco a unificar las fechas de las elecciones municipales con las que se determinan en el presente Decreto. Y, de conformidad con lo antes expuesto y de acuerdo con lo dispuesto en los Art\u00edculos 90, incisos 3), 4), 5) y 6), 97 y 141, inciso 6 de la Constituci\u00f3n Provincial (1957-1994); lo establecido en la Ley Provincial 2073-Q; y lo previsto en la Ley Electoral Provincial 834-Q, en los Art\u00edculos 48, 49, 148 y concordantes, resulta pertinente el dictado del presente Decreto 536.<\/p>\n","protected":false},"excerpt":{"rendered":"<p>Para las elecciones PASO, para las generales y posible segunda vuelta para elegir gobernador, vice y legisladores. El gobernador Jorge Capitanich rubric\u00f3 este jueves 16 de marzo el Decreto 536\/23, a trav\u00e9s del cual se convoca al electorado de la Provincia del Chaco para el 18 de junio de 2023, a las elecciones Primarias, Abiertas, [&hellip;]<\/p>\n","protected":false},"author":1,"featured_media":19737,"comment_status":"closed","ping_status":"closed","sticky":false,"template":"","format":"standard","meta":{"footnotes":""},"categories":[6],"tags":[197],"class_list":{"0":"post-19736","1":"post","2":"type-post","3":"status-publish","4":"format-standard","5":"has-post-thumbnail","7":"category-chaco","8":"tag-destacada"},"_links":{"self":[{"href":"https:\/\/chacosintesis.com.ar\/index.php\/wp-json\/wp\/v2\/posts\/19736","targetHints":{"allow":["GET"]}}],"collection":[{"href":"https:\/\/chacosintesis.com.ar\/index.php\/wp-json\/wp\/v2\/posts"}],"about":[{"href":"https:\/\/chacosintesis.com.ar\/index.php\/wp-json\/wp\/v2\/types\/post"}],"author":[{"embeddable":true,"href":"https:\/\/chacosintesis.com.ar\/index.php\/wp-json\/wp\/v2\/users\/1"}],"replies":[{"embeddable":true,"href":"https:\/\/chacosintesis.com.ar\/index.php\/wp-json\/wp\/v2\/comments?post=19736"}],"version-history":[{"count":0,"href":"https:\/\/chacosintesis.com.ar\/index.php\/wp-json\/wp\/v2\/posts\/19736\/revisions"}],"wp:featuredmedia":[{"embeddable":true,"href":"https:\/\/chacosintesis.com.ar\/index.php\/wp-json\/wp\/v2\/media\/19737"}],"wp:attachment":[{"href":"https:\/\/chacosintesis.com.ar\/index.php\/wp-json\/wp\/v2\/media?parent=19736"}],"wp:term":[{"taxonomy":"category","embeddable":true,"href":"https:\/\/chacosintesis.com.ar\/index.php\/wp-json\/wp\/v2\/categories?post=19736"},{"taxonomy":"post_tag","embeddable":true,"href":"https:\/\/chacosintesis.com.ar\/index.php\/wp-json\/wp\/v2\/tags?post=19736"}],"curies":[{"name":"wp","href":"https:\/\/api.w.org\/{rel}","templated":true}]}}