{"id":19724,"date":"2023-03-15T11:19:22","date_gmt":"2023-03-15T14:19:22","guid":{"rendered":"https:\/\/chacosintesis.com.ar\/?p=19724"},"modified":"2023-03-15T11:37:01","modified_gmt":"2023-03-15T14:37:01","slug":"peche-y-cipolini-presentan-la-precandidatura-de-polini-a-la-gobernacion-del-chaco","status":"publish","type":"post","link":"https:\/\/chacosintesis.com.ar\/index.php\/peche-y-cipolini-presentan-la-precandidatura-de-polini-a-la-gobernacion-del-chaco\/","title":{"rendered":"Peche y Cipolini presentan la precandidatura de Polini a la gobernaci\u00f3n del Chaco"},"content":{"rendered":"<p>En el marco de una reuni\u00f3n ampliada a realizarse este viernes 17 de marzo a la hora 18 en el sal\u00f3n \u201cLa Pac\u00fa\u201d de Presidencia Roque S\u00e1enz Pe\u00f1a, el presidente del interbloque de diputados de la UCR, Carim Peche junto al intendente de esa ciudad, Bruno Cipolini, presentar\u00e1n la precandidatura de Juan Carlos Polini a la gobernaci\u00f3n del Chaco. El encuentro contar\u00e1 con la presencia de intendentes, concejales, legisladores provinciales y nacionales, dirigentes y militantes.<br \/>\nEn la oportunidad el diputado provincial Carim Peche junto al intendente de la ciudad, Bruno Cipolini har\u00e1n la presentaci\u00f3n formal de la precandidatura de Juan Carlos Polini a la gobernaci\u00f3n del Chaco. La agenda programada para la jornada incluye el an\u00e1lisis de la situaci\u00f3n econ\u00f3mica, social y pol\u00edtica provincial como as\u00ed tambi\u00e9n el cronograma electoral para las elecciones de este a\u00f1o.<\/p>\n","protected":false},"excerpt":{"rendered":"<p>En el marco de una reuni\u00f3n ampliada a realizarse este viernes 17 de marzo a la hora 18 en el sal\u00f3n \u201cLa Pac\u00fa\u201d de Presidencia Roque S\u00e1enz Pe\u00f1a, el presidente del interbloque de diputados de la UCR, Carim Peche junto al intendente de esa ciudad, Bruno Cipolini, presentar\u00e1n la precandidatura de Juan Carlos Polini a [&hellip;]<\/p>\n","protected":false},"author":1,"featured_media":19725,"comment_status":"closed","ping_status":"closed","sticky":false,"template":"","format":"standard","meta":{"footnotes":""},"categories":[6],"tags":[],"class_list":{"0":"post-19724","1":"post","2":"type-post","3":"status-publish","4":"format-standard","5":"has-post-thumbnail","7":"category-chaco"},"_links":{"self":[{"href":"https:\/\/chacosintesis.com.ar\/index.php\/wp-json\/wp\/v2\/posts\/19724","targetHints":{"allow":["GET"]}}],"collection":[{"href":"https:\/\/chacosintesis.com.ar\/index.php\/wp-json\/wp\/v2\/posts"}],"about":[{"href":"https:\/\/chacosintesis.com.ar\/index.php\/wp-json\/wp\/v2\/types\/post"}],"author":[{"embeddable":true,"href":"https:\/\/chacosintesis.com.ar\/index.php\/wp-json\/wp\/v2\/users\/1"}],"replies":[{"embeddable":true,"href":"https:\/\/chacosintesis.com.ar\/index.php\/wp-json\/wp\/v2\/comments?post=19724"}],"version-history":[{"count":0,"href":"https:\/\/chacosintesis.com.ar\/index.php\/wp-json\/wp\/v2\/posts\/19724\/revisions"}],"wp:featuredmedia":[{"embeddable":true,"href":"https:\/\/chacosintesis.com.ar\/index.php\/wp-json\/wp\/v2\/media\/19725"}],"wp:attachment":[{"href":"https:\/\/chacosintesis.com.ar\/index.php\/wp-json\/wp\/v2\/media?parent=19724"}],"wp:term":[{"taxonomy":"category","embeddable":true,"href":"https:\/\/chacosintesis.com.ar\/index.php\/wp-json\/wp\/v2\/categories?post=19724"},{"taxonomy":"post_tag","embeddable":true,"href":"https:\/\/chacosintesis.com.ar\/index.php\/wp-json\/wp\/v2\/tags?post=19724"}],"curies":[{"name":"wp","href":"https:\/\/api.w.org\/{rel}","templated":true}]}}