{"id":19722,"date":"2023-03-15T11:17:39","date_gmt":"2023-03-15T14:17:39","guid":{"rendered":"https:\/\/chacosintesis.com.ar\/?p=19722"},"modified":"2023-03-15T11:37:00","modified_gmt":"2023-03-15T14:37:00","slug":"qutilipi-el-asesinato-de-los-docentes-y-el-resultado-de-las-autopsias","status":"publish","type":"post","link":"https:\/\/chacosintesis.com.ar\/index.php\/qutilipi-el-asesinato-de-los-docentes-y-el-resultado-de-las-autopsias\/","title":{"rendered":"Qutilipi: el asesinato de los docentes y el resultado de las autopsias"},"content":{"rendered":"<p>El 8 de marzo quedar\u00e1 grabado en la memoria colectiva de los habitantes de Quitilipi, porque cuando se conmemoraba el D\u00eda Internacional de la Mujer, se conoci\u00f3 la terrible noticia de los asesinatos de Antonela Altamirano de 30 a\u00f1os y Evaristo de Jes\u00fas Saux de 27 a\u00f1os.<\/p>\n<p>La maestra jardinera y el profesor de qu\u00edmica fueron sorprendidos presuntamente por Francisco Escalante, mientras estaban charlando debajo de una galer\u00eda de la casa de Altamirano en el barrio Mariano Moreno.<br \/>\nDiario NORTE pudo saber que la vivienda estaba cerrada por lo que se supone que Evaristo que tambi\u00e9n reparaba celulares acord\u00f3 con Antonela para entregarle un m\u00f3vil de un hijo de ella. Esa versi\u00f3n la confirm\u00f3 la familia de la maestra de ense\u00f1anza inicial. Ambos ten\u00edan que hacer sus quehaceres y por eso se encontraron para concretar la entrega del celular, por lo que un familiar de Altamirano, que ten\u00eda copia de las llaves, una vez descubierta la macabra escena debi\u00f3 abrir la puerta a los polic\u00edas que hab\u00edan llegado a la luctuosa escena tras varios llamados.<br \/>\n Escalante es padre de tres hijos que tuvo con Altamirano, un d\u00eda antes los hab\u00eda retirado y estaban el d\u00eda del hecho con los abuelos paternos.<br \/>\nEl informe de autopsia del Instituto de Medicina y Ciencias Forenses (Imcif), remitido a la fiscal Liliana Lupi, determin\u00f3 que Antonella recibi\u00f3 19 pu\u00f1aladas. Otro detalle es que el agresor primero mat\u00f3 de unas tres pu\u00f1aladas a de Jes\u00fas Saux y luego arremeti\u00f3 brutalmente contra su expareja. Si bien se mencion\u00f3 que las v\u00edctimas ten\u00edan una relaci\u00f3n sentimental, la familia de Antonella neg\u00f3 que fuera as\u00ed.<br \/>\n DIARIO NORTE.-<\/p>\n","protected":false},"excerpt":{"rendered":"<p>El 8 de marzo quedar\u00e1 grabado en la memoria colectiva de los habitantes de Quitilipi, porque cuando se conmemoraba el D\u00eda Internacional de la Mujer, se conoci\u00f3 la terrible noticia de los asesinatos de Antonela Altamirano de 30 a\u00f1os y Evaristo de Jes\u00fas Saux de 27 a\u00f1os. La maestra jardinera y el profesor de qu\u00edmica [&hellip;]<\/p>\n","protected":false},"author":1,"featured_media":19723,"comment_status":"closed","ping_status":"closed","sticky":false,"template":"","format":"standard","meta":{"footnotes":""},"categories":[6],"tags":[],"class_list":{"0":"post-19722","1":"post","2":"type-post","3":"status-publish","4":"format-standard","5":"has-post-thumbnail","7":"category-chaco"},"_links":{"self":[{"href":"https:\/\/chacosintesis.com.ar\/index.php\/wp-json\/wp\/v2\/posts\/19722","targetHints":{"allow":["GET"]}}],"collection":[{"href":"https:\/\/chacosintesis.com.ar\/index.php\/wp-json\/wp\/v2\/posts"}],"about":[{"href":"https:\/\/chacosintesis.com.ar\/index.php\/wp-json\/wp\/v2\/types\/post"}],"author":[{"embeddable":true,"href":"https:\/\/chacosintesis.com.ar\/index.php\/wp-json\/wp\/v2\/users\/1"}],"replies":[{"embeddable":true,"href":"https:\/\/chacosintesis.com.ar\/index.php\/wp-json\/wp\/v2\/comments?post=19722"}],"version-history":[{"count":0,"href":"https:\/\/chacosintesis.com.ar\/index.php\/wp-json\/wp\/v2\/posts\/19722\/revisions"}],"wp:featuredmedia":[{"embeddable":true,"href":"https:\/\/chacosintesis.com.ar\/index.php\/wp-json\/wp\/v2\/media\/19723"}],"wp:attachment":[{"href":"https:\/\/chacosintesis.com.ar\/index.php\/wp-json\/wp\/v2\/media?parent=19722"}],"wp:term":[{"taxonomy":"category","embeddable":true,"href":"https:\/\/chacosintesis.com.ar\/index.php\/wp-json\/wp\/v2\/categories?post=19722"},{"taxonomy":"post_tag","embeddable":true,"href":"https:\/\/chacosintesis.com.ar\/index.php\/wp-json\/wp\/v2\/tags?post=19722"}],"curies":[{"name":"wp","href":"https:\/\/api.w.org\/{rel}","templated":true}]}}