{"id":19720,"date":"2023-03-15T08:37:29","date_gmt":"2023-03-15T11:37:29","guid":{"rendered":"https:\/\/chacosintesis.com.ar\/?p=19720"},"modified":"2023-03-15T09:06:58","modified_gmt":"2023-03-15T12:06:58","slug":"el-ejecutivo-acatara-el-fallo-judicial-y-habra-paso-provinciales","status":"publish","type":"post","link":"https:\/\/chacosintesis.com.ar\/index.php\/el-ejecutivo-acatara-el-fallo-judicial-y-habra-paso-provinciales\/","title":{"rendered":"El Ejecutivo acatar\u00e1 el fallo judicial y habr\u00e1 PASO provinciales"},"content":{"rendered":"<p>Capitanich destac\u00f3 el &#8220;respeto a las normas&#8221; y la &#8220;calidad institucional&#8221; en di\u00e1logo con la prensa. Las voces de los diferentes espacios.<br \/>\n El gobernador Jorge Capitanich, consultado ayer por la prensa, asegur\u00f3 que el Ejecutivo acatar\u00e1 el fallo del Superior Tribunal de Justicia, en el cual dictamina que el Chaco tendr\u00e1 elecciones primarias (PASO) provinciales.<\/p>\n<p>\u2018Nosotros acatamos la decisi\u00f3n del Superior Tribunal de Justicia por una raz\u00f3n muy sencilla: as\u00ed como acatamos las decisiones del Poder Legislativo, lo mismo hacemos con el Poder Judicial\u2018, enfatiz\u00f3 Capitanich.<br \/>\nAgreg\u00f3: \u2018Si de algo nos podemos enorgullecer en esta provincia es de la calidad institucional, de la divisi\u00f3n de poderes y del respeto que tenemos por las normas\u2018.<br \/>\nTodo indica que con esta manifestaci\u00f3n del mandatario provincial y principal dirigente del peronismo chaque\u00f1o, el Ejecutivo no apelar\u00e1 el fallo del STJ.<br \/>\nLa ley de suspensi\u00f3n de las PASO se hab\u00eda dado en diciembre con duros cruces entre legisladores provinciales.<br \/>\nLa oposici\u00f3n llev\u00f3 el caso a la Justicia y finalmente el lunes se dict\u00f3 el fallo que declara \u2018inconstitucional\u2018 la ley chaque\u00f1a.<br \/>\nA trav\u00e9s de un comunicado oficial del Poder Judicial, los jueces Iride Grillo, V\u00edctor del R\u00edo, Emilia Valle y Alberto Modi tuvieron en consideraci\u00f3n el reclamo de la oposici\u00f3n de que la ley &#8220;ha sido fruto de una maniobra ilegal y fraudulenta que ha quebrado las bases del procedimiento legislativo de formaci\u00f3n y sanci\u00f3n de las leyes y con ello la garant\u00eda republicana y democr\u00e1tica de gobierno amparada por los art\u00edculos 1 y 14 de la Constituci\u00f3n Provincial&#8221;.<\/p>\n<p>DIARIO NORTE.-<\/p>\n","protected":false},"excerpt":{"rendered":"<p>Capitanich destac\u00f3 el &#8220;respeto a las normas&#8221; y la &#8220;calidad institucional&#8221; en di\u00e1logo con la prensa. Las voces de los diferentes espacios. El gobernador Jorge Capitanich, consultado ayer por la prensa, asegur\u00f3 que el Ejecutivo acatar\u00e1 el fallo del Superior Tribunal de Justicia, en el cual dictamina que el Chaco tendr\u00e1 elecciones primarias (PASO) provinciales. [&hellip;]<\/p>\n","protected":false},"author":1,"featured_media":19721,"comment_status":"closed","ping_status":"closed","sticky":false,"template":"","format":"standard","meta":{"footnotes":""},"categories":[6],"tags":[],"class_list":{"0":"post-19720","1":"post","2":"type-post","3":"status-publish","4":"format-standard","5":"has-post-thumbnail","7":"category-chaco"},"_links":{"self":[{"href":"https:\/\/chacosintesis.com.ar\/index.php\/wp-json\/wp\/v2\/posts\/19720","targetHints":{"allow":["GET"]}}],"collection":[{"href":"https:\/\/chacosintesis.com.ar\/index.php\/wp-json\/wp\/v2\/posts"}],"about":[{"href":"https:\/\/chacosintesis.com.ar\/index.php\/wp-json\/wp\/v2\/types\/post"}],"author":[{"embeddable":true,"href":"https:\/\/chacosintesis.com.ar\/index.php\/wp-json\/wp\/v2\/users\/1"}],"replies":[{"embeddable":true,"href":"https:\/\/chacosintesis.com.ar\/index.php\/wp-json\/wp\/v2\/comments?post=19720"}],"version-history":[{"count":0,"href":"https:\/\/chacosintesis.com.ar\/index.php\/wp-json\/wp\/v2\/posts\/19720\/revisions"}],"wp:featuredmedia":[{"embeddable":true,"href":"https:\/\/chacosintesis.com.ar\/index.php\/wp-json\/wp\/v2\/media\/19721"}],"wp:attachment":[{"href":"https:\/\/chacosintesis.com.ar\/index.php\/wp-json\/wp\/v2\/media?parent=19720"}],"wp:term":[{"taxonomy":"category","embeddable":true,"href":"https:\/\/chacosintesis.com.ar\/index.php\/wp-json\/wp\/v2\/categories?post=19720"},{"taxonomy":"post_tag","embeddable":true,"href":"https:\/\/chacosintesis.com.ar\/index.php\/wp-json\/wp\/v2\/tags?post=19720"}],"curies":[{"name":"wp","href":"https:\/\/api.w.org\/{rel}","templated":true}]}}