{"id":19710,"date":"2023-03-14T12:33:59","date_gmt":"2023-03-14T15:33:59","guid":{"rendered":"https:\/\/chacosintesis.com.ar\/?p=19710"},"modified":"2023-03-14T12:36:57","modified_gmt":"2023-03-14T15:36:57","slug":"continua-la-busqueda-de-salustiano-gimenez-en-mision-nueva-pompeya","status":"publish","type":"post","link":"https:\/\/chacosintesis.com.ar\/index.php\/continua-la-busqueda-de-salustiano-gimenez-en-mision-nueva-pompeya\/","title":{"rendered":"Contin\u00faa la b\u00fasqueda de Salustiano Gim\u00e9nez en Misi\u00f3n Nueva Pompeya"},"content":{"rendered":"<p>Esta ma\u00f1ana, desde la Polic\u00eda informaron que los efectivos diagramaron una nueva b\u00fasqueda de Salustiano Gim\u00e9nez, el joven desaparecido en la ciudad de Misi\u00f3n Nueva Pompeya el 20 de febrero pasado.<br \/>\nSeg\u00fan precisaron, se dirigieron con canes en el sector donde se hall\u00f3 la gorra del adolescente, pasando el R\u00edo Bermejo, en el pasaje \u201cLos Tunales\u201d, jurisdicci\u00f3n Wichi El Pintado.<br \/>\nIndicaron que se despleg\u00f3 personal de la Divisi\u00f3n Unidad T\u00e1ctica de Intervenci\u00f3n Federal de la Provincia de Tucum\u00e1n y Unidades de Bomberos Voluntarios (K9) de las Provincias de Entre R\u00edos y Santa Fe. Tambi\u00e9n personal policial de la provincia.<\/p>\n","protected":false},"excerpt":{"rendered":"<p>Esta ma\u00f1ana, desde la Polic\u00eda informaron que los efectivos diagramaron una nueva b\u00fasqueda de Salustiano Gim\u00e9nez, el joven desaparecido en la ciudad de Misi\u00f3n Nueva Pompeya el 20 de febrero pasado. Seg\u00fan precisaron, se dirigieron con canes en el sector donde se hall\u00f3 la gorra del adolescente, pasando el R\u00edo Bermejo, en el pasaje \u201cLos [&hellip;]<\/p>\n","protected":false},"author":1,"featured_media":19711,"comment_status":"closed","ping_status":"closed","sticky":false,"template":"","format":"standard","meta":{"footnotes":""},"categories":[6],"tags":[],"class_list":{"0":"post-19710","1":"post","2":"type-post","3":"status-publish","4":"format-standard","5":"has-post-thumbnail","7":"category-chaco"},"_links":{"self":[{"href":"https:\/\/chacosintesis.com.ar\/index.php\/wp-json\/wp\/v2\/posts\/19710","targetHints":{"allow":["GET"]}}],"collection":[{"href":"https:\/\/chacosintesis.com.ar\/index.php\/wp-json\/wp\/v2\/posts"}],"about":[{"href":"https:\/\/chacosintesis.com.ar\/index.php\/wp-json\/wp\/v2\/types\/post"}],"author":[{"embeddable":true,"href":"https:\/\/chacosintesis.com.ar\/index.php\/wp-json\/wp\/v2\/users\/1"}],"replies":[{"embeddable":true,"href":"https:\/\/chacosintesis.com.ar\/index.php\/wp-json\/wp\/v2\/comments?post=19710"}],"version-history":[{"count":0,"href":"https:\/\/chacosintesis.com.ar\/index.php\/wp-json\/wp\/v2\/posts\/19710\/revisions"}],"wp:featuredmedia":[{"embeddable":true,"href":"https:\/\/chacosintesis.com.ar\/index.php\/wp-json\/wp\/v2\/media\/19711"}],"wp:attachment":[{"href":"https:\/\/chacosintesis.com.ar\/index.php\/wp-json\/wp\/v2\/media?parent=19710"}],"wp:term":[{"taxonomy":"category","embeddable":true,"href":"https:\/\/chacosintesis.com.ar\/index.php\/wp-json\/wp\/v2\/categories?post=19710"},{"taxonomy":"post_tag","embeddable":true,"href":"https:\/\/chacosintesis.com.ar\/index.php\/wp-json\/wp\/v2\/tags?post=19710"}],"curies":[{"name":"wp","href":"https:\/\/api.w.org\/{rel}","templated":true}]}}